{"id":1956,"date":"2023-01-09T15:02:17","date_gmt":"2023-01-09T14:02:17","guid":{"rendered":"https:\/\/www.diocesilucca.it\/caritas\/?p=1956"},"modified":"2023-01-09T15:03:08","modified_gmt":"2023-01-09T14:03:08","slug":"orti-solidali-del-terminetto-ecco-la-graduatoria-dellultimo-bando","status":"publish","type":"post","link":"https:\/\/www.diocesilucca.it\/caritas\/2023\/01\/09\/orti-solidali-del-terminetto-ecco-la-graduatoria-dellultimo-bando\/","title":{"rendered":"ORTI SOLIDALI DEL TERMINETTO: ECCO LA GRADUATORIA DELL&#8217;ULTIMO BANDO"},"content":{"rendered":"\n<p class=\"has-black-color has-text-color\">In data 20 dicembre 2022 si \u00e8 riunita la commissione valutatrice per esaminare le domande di<br>assegnazione per un orto singolo nel complesso denominato &#8220;Orti Solidali del Terminetto&#8221; a Viareggio.<br> La commissione, rappresentativa dei due soggetti concessionari del Complesso di Orti, era composta <br>da:<br>SABRINA FAUSTO (Caritas Diocesana)<br>RICCARDO CECCHINI (Legambiente Versilia)<br>Le domande di assegnazione arrivate alla commissione sono state 3 (TRE) a fronte di un numero di<br>1 lotto da assegnare.<br>In base ai punteggi definiti nel \u201cRegolamento per l&#8217;assegnazione e l&#8217;uso degli Orti Solidali del<br>Terminetto\u201d allegato al Bando di assegnazione, \u00e8 risultata la seguente graduatoria:<\/p>\n\n\n\n<p><strong>ANDREA GIORGETTI   PUNTI 4<br>MICHELE FRUSTERI   PUNTI 4<br>CLAUDIO FRONGIA     PUNTI 2,5<\/strong><\/p>\n\n\n\n<p class=\"has-black-color has-text-color\">Tra i due pari merito in testa alla graduatoria, risulta assegnatario il sig. Andrea Giorgetti perch\u00e9 il<br>pi\u00f9 giovane tra i due (art. 4 del Regolamento).<br>La presente graduatoria sar\u00e0 pubblicata sull&#8217;Albo pretorio del Comune. Per sette giorni a partire dal<br>giorno della pubblicazione, sar\u00e0 possibile presentare eventuali opposizioni per il riconoscimento di<br>punteggi o situazioni ritenute non correttamente valutate.<br>Per informazioni, contestazioni o per visionare il dettaglio del punteggio attribuito, rivolgersi alla<br>mail: legambienteversilia@yahoo.it<\/p>\n","protected":false},"excerpt":{"rendered":"<p>In data 20 dicembre 2022 si \u00e8 riunita la commissione valutatrice per esaminare le domande diassegnazione per un orto singolo nel complesso denominato &#8220;Orti Solidali del Terminetto&#8221; a Viareggio. La commissione, rappresentativa dei due soggetti concessionari del Complesso di Orti, era composta da:SABRINA FAUSTO (Caritas&#8230;<\/p>\n","protected":false},"author":248,"featured_media":1958,"comment_status":"closed","ping_status":"closed","sticky":false,"template":"","format":"standard","meta":{"footnotes":""},"categories":[75,76],"tags":[],"class_list":["post-1956","post","type-post","status-publish","format-standard","has-post-thumbnail","hentry","category-ecologia","category-orti-sociali"],"_links":{"self":[{"href":"https:\/\/www.diocesilucca.it\/caritas\/wp-json\/wp\/v2\/posts\/1956","targetHints":{"allow":["GET"]}}],"collection":[{"href":"https:\/\/www.diocesilucca.it\/caritas\/wp-json\/wp\/v2\/posts"}],"about":[{"href":"https:\/\/www.diocesilucca.it\/caritas\/wp-json\/wp\/v2\/types\/post"}],"author":[{"embeddable":true,"href":"https:\/\/www.diocesilucca.it\/caritas\/wp-json\/wp\/v2\/users\/248"}],"replies":[{"embeddable":true,"href":"https:\/\/www.diocesilucca.it\/caritas\/wp-json\/wp\/v2\/comments?post=1956"}],"version-history":[{"count":4,"href":"https:\/\/www.diocesilucca.it\/caritas\/wp-json\/wp\/v2\/posts\/1956\/revisions"}],"predecessor-version":[{"id":1962,"href":"https:\/\/www.diocesilucca.it\/caritas\/wp-json\/wp\/v2\/posts\/1956\/revisions\/1962"}],"wp:featuredmedia":[{"embeddable":true,"href":"https:\/\/www.diocesilucca.it\/caritas\/wp-json\/wp\/v2\/media\/1958"}],"wp:attachment":[{"href":"https:\/\/www.diocesilucca.it\/caritas\/wp-json\/wp\/v2\/media?parent=1956"}],"wp:term":[{"taxonomy":"category","embeddable":true,"href":"https:\/\/www.diocesilucca.it\/caritas\/wp-json\/wp\/v2\/categories?post=1956"},{"taxonomy":"post_tag","embeddable":true,"href":"https:\/\/www.diocesilucca.it\/caritas\/wp-json\/wp\/v2\/tags?post=1956"}],"curies":[{"name":"wp","href":"https:\/\/api.w.org\/{rel}","templated":true}]}}