{"id":1847,"date":"2022-07-06T11:01:03","date_gmt":"2022-07-06T09:01:03","guid":{"rendered":"https:\/\/www.diocesilucca.it\/caritas\/?p=1847"},"modified":"2022-07-21T17:45:39","modified_gmt":"2022-07-21T15:45:39","slug":"sguardi-avanti-secondo-dossier-sulleconomia-civile-nella-provincia-di-lucca","status":"publish","type":"post","link":"https:\/\/www.diocesilucca.it\/caritas\/2022\/07\/06\/sguardi-avanti-secondo-dossier-sulleconomia-civile-nella-provincia-di-lucca\/","title":{"rendered":"&#8220;Sguardi avanti&#8221; &#8211; Secondo dossier sull&#8217;economia civile nella provincia di Lucca"},"content":{"rendered":"\n<p>Ad un anno dalla creazione del Distretto provinciale di Economia civile, viene pubblicato il secondo dossier che racconta il lavoro svolto dal distretto in questi mesi. <\/p>\n\n\n\n<p>Il rapporto racconta alcune esperienze realizzate dal Distretto di economia civile, provando a rintracciare all\u2019interno di esse una visione, sguardi che contemplino il presente e capaci di accogliere<br>suggestioni per tracciare sentieri nuovi.<br>In questo senso la finalit\u00e0 del rapporto, oltre a render conto di un anno di lavoro del Distretto, \u00e8 quella di porre interrogativi, avanzare proposte, capire chi \u00e8 della partita per proseguire il lavoro.<br>Il Distretto di economia civile \u00e8, infatti, un cantiere aperto che individua via via priorit\u00e0, ambiti di lavoro e collaborazioni.<\/p>\n\n\n\n<p>Il dossier \u00e8 consultabile e scaricabile gratuitamente qui:<\/p>\n\n\n\n<div class=\"wp-block-buttons is-content-justification-center is-layout-flex wp-container-core-buttons-is-layout-16018d1d wp-block-buttons-is-layout-flex\">\n<div class=\"wp-block-button\"><a class=\"wp-block-button__link has-black-color has-vivid-cyan-blue-background-color has-text-color has-background\" href=\"https:\/\/www.diocesilucca.it\/caritas\/wp-content\/uploads\/sites\/10\/2022\/07\/Sguardi_Avanti_WEB_RapportoEconomiaCivile2022.pdf\" target=\"_blank\" rel=\"noreferrer noopener\"><strong>SCARICA IL DOSSIER<\/strong><\/a><\/div>\n<\/div>\n\n\n\n<p><\/p>\n","protected":false},"excerpt":{"rendered":"<p>Ad un anno dalla creazione del Distretto provinciale di Economia civile, viene pubblicato il secondo dossier che racconta il lavoro svolto dal distretto in questi mesi. Il rapporto racconta alcune esperienze realizzate dal Distretto di economia civile, provando a rintracciare all\u2019interno di esse una visione,&#8230;<\/p>\n","protected":false},"author":246,"featured_media":1856,"comment_status":"closed","ping_status":"closed","sticky":false,"template":"","format":"standard","meta":{"footnotes":""},"categories":[24,40,66],"tags":[],"class_list":["post-1847","post","type-post","status-publish","format-standard","has-post-thumbnail","hentry","category-economia-civile","category-pubblicazioni","category-testimonianze"],"_links":{"self":[{"href":"https:\/\/www.diocesilucca.it\/caritas\/wp-json\/wp\/v2\/posts\/1847","targetHints":{"allow":["GET"]}}],"collection":[{"href":"https:\/\/www.diocesilucca.it\/caritas\/wp-json\/wp\/v2\/posts"}],"about":[{"href":"https:\/\/www.diocesilucca.it\/caritas\/wp-json\/wp\/v2\/types\/post"}],"author":[{"embeddable":true,"href":"https:\/\/www.diocesilucca.it\/caritas\/wp-json\/wp\/v2\/users\/246"}],"replies":[{"embeddable":true,"href":"https:\/\/www.diocesilucca.it\/caritas\/wp-json\/wp\/v2\/comments?post=1847"}],"version-history":[{"count":5,"href":"https:\/\/www.diocesilucca.it\/caritas\/wp-json\/wp\/v2\/posts\/1847\/revisions"}],"predecessor-version":[{"id":1857,"href":"https:\/\/www.diocesilucca.it\/caritas\/wp-json\/wp\/v2\/posts\/1847\/revisions\/1857"}],"wp:featuredmedia":[{"embeddable":true,"href":"https:\/\/www.diocesilucca.it\/caritas\/wp-json\/wp\/v2\/media\/1856"}],"wp:attachment":[{"href":"https:\/\/www.diocesilucca.it\/caritas\/wp-json\/wp\/v2\/media?parent=1847"}],"wp:term":[{"taxonomy":"category","embeddable":true,"href":"https:\/\/www.diocesilucca.it\/caritas\/wp-json\/wp\/v2\/categories?post=1847"},{"taxonomy":"post_tag","embeddable":true,"href":"https:\/\/www.diocesilucca.it\/caritas\/wp-json\/wp\/v2\/tags?post=1847"}],"curies":[{"name":"wp","href":"https:\/\/api.w.org\/{rel}","templated":true}]}}