{"id":1815,"date":"2022-06-13T15:45:01","date_gmt":"2022-06-13T13:45:01","guid":{"rendered":"https:\/\/www.diocesilucca.it\/caritas\/?p=1815"},"modified":"2022-06-14T13:28:57","modified_gmt":"2022-06-14T11:28:57","slug":"officina-creativa-un-giorno-di-grest-o-campeggio-animato-con-gli-operatori-diocesani","status":"publish","type":"post","link":"https:\/\/www.diocesilucca.it\/caritas\/2022\/06\/13\/officina-creativa-un-giorno-di-grest-o-campeggio-animato-con-gli-operatori-diocesani\/","title":{"rendered":"Officina Creativa: un giorno di Grest o campeggio animato con gli operatori diocesani"},"content":{"rendered":"\n<p class=\"has-black-color has-text-color\">Responsabili di Grest, centri estivi e campeggi parrocchiali, buone notizie: anche per questa estate sar\u00e0 possibile <strong>invitare gli operatori diocesani ad animare una giornata di attivit\u00e0<\/strong> presso oratori, campi scuola, centri ricreativi. <strong>Officina creativa<\/strong>, questo il nome della proposta, vede la collaborazione tra la <strong>Caritas diocesana di Lucca e il Centro Missionario Diocesano<\/strong> in favore dei piccoli partecipanti alle tante esperienze di questo tipo offerte da parrocchie, comunit\u00e0 e associazioni sul territorio.<br><br><strong>Il tema di questa giornata insieme \u00e8 quello del viaggio attraverso la conoscenza dell\u2019altro<\/strong> e viene sviluppato per mezzo di <strong>giochi<\/strong>, <strong>attivit\u00e0 dinamiche e coinvolgenti<\/strong>, ma anche <strong>momenti di riflessione guidati<\/strong>. La proposta \u00e8 ispirata ad alcune tematiche che ruotano intorno al <em>Piccolo Principe<\/em>, l&#8217;opera su cui verte il sussidio ANSPI 2022 per i Grest, ma pu\u00f2 essere realizzata anche come momento a s\u00e9 stante. Quindi da un lato pu\u00f2 integrarsi bene a quelle esperienze che adottano il citato sussidio, da un altro rimane una proposta comunque valevole per tutti, anche per chi fa un percorso diverso.<br><br>Il servizio offerto dagli operatori diocesani \u00e8 <strong>gratuito<\/strong> per le parrocchie e le comunit\u00e0. Gi\u00e0 diverse parrocchie hanno attivato <em>Officina Creativa<\/em> presso i propri Grest, concordando insieme agli operatori il giorno in cui realizzare \u201cl\u2019incursione ludico-educativa\u201d.<br><br>Per maggiori <strong>informazioni<\/strong> e per <strong>attivare Officina Creativa<\/strong> basta contattare l&#8217;equipe di Young Caritas Lucca scrivendo una mail a <a href=\"mailto:caritaslucca@gmail.com\">caritaslucca@gmail.com<\/a> oppure telefonando allo 0583 430939 (luned\u00ec-venerd\u00ec, ore 9.00-17.00).<\/p>\n\n\n\n<div class=\"wp-block-buttons is-content-justification-center is-layout-flex wp-container-core-buttons-is-layout-16018d1d wp-block-buttons-is-layout-flex\">\n<div class=\"wp-block-button is-style-fill\"><a class=\"wp-block-button__link has-vivid-green-cyan-background-color has-background\" href=\"https:\/\/www.diocesilucca.it\/caritas\/wp-content\/uploads\/sites\/10\/2022\/06\/Officina-creativa_Scheda-proposta.pdf\" style=\"border-radius:100px\" target=\"_blank\" rel=\"noreferrer noopener\"><strong>LEGGI LA SCHEDA<\/strong><\/a><\/div>\n<\/div>\n\n\n\n<div style=\"height:35px\" aria-hidden=\"true\" class=\"wp-block-spacer\"><\/div>\n\n\n\n<figure class=\"wp-block-image size-large\"><img loading=\"lazy\" decoding=\"async\" width=\"1024\" height=\"1024\" src=\"https:\/\/www.diocesilucca.it\/caritas\/wp-content\/uploads\/sites\/10\/2022\/06\/officina-creativa-1024x1024.png\" alt=\"\" class=\"wp-image-1817\" srcset=\"https:\/\/www.diocesilucca.it\/caritas\/wp-content\/uploads\/sites\/10\/2022\/06\/officina-creativa-1024x1024.png 1024w, https:\/\/www.diocesilucca.it\/caritas\/wp-content\/uploads\/sites\/10\/2022\/06\/officina-creativa-300x300.png 300w, https:\/\/www.diocesilucca.it\/caritas\/wp-content\/uploads\/sites\/10\/2022\/06\/officina-creativa-150x150.png 150w, https:\/\/www.diocesilucca.it\/caritas\/wp-content\/uploads\/sites\/10\/2022\/06\/officina-creativa-768x768.png 768w, https:\/\/www.diocesilucca.it\/caritas\/wp-content\/uploads\/sites\/10\/2022\/06\/officina-creativa-550x550.png 550w, https:\/\/www.diocesilucca.it\/caritas\/wp-content\/uploads\/sites\/10\/2022\/06\/officina-creativa-1000x1000.png 1000w, https:\/\/www.diocesilucca.it\/caritas\/wp-content\/uploads\/sites\/10\/2022\/06\/officina-creativa.png 1080w\" sizes=\"auto, (max-width: 1024px) 100vw, 1024px\" \/><\/figure>\n","protected":false},"excerpt":{"rendered":"<p>Responsabili di Grest, centri estivi e campeggi parrocchiali, buone notizie: anche per questa estate sar\u00e0 possibile invitare gli operatori diocesani ad animare una giornata di attivit\u00e0 presso oratori, campi scuola, centri ricreativi. Officina creativa, questo il nome della proposta, vede la collaborazione tra la Caritas&#8230;<\/p>\n","protected":false},"author":244,"featured_media":1816,"comment_status":"closed","ping_status":"closed","sticky":false,"template":"","format":"standard","meta":{"footnotes":""},"categories":[13,16,5,15],"tags":[],"class_list":["post-1815","post","type-post","status-publish","format-standard","has-post-thumbnail","hentry","category-bambini","category-estate","category-giovani","category-young-caritas"],"_links":{"self":[{"href":"https:\/\/www.diocesilucca.it\/caritas\/wp-json\/wp\/v2\/posts\/1815","targetHints":{"allow":["GET"]}}],"collection":[{"href":"https:\/\/www.diocesilucca.it\/caritas\/wp-json\/wp\/v2\/posts"}],"about":[{"href":"https:\/\/www.diocesilucca.it\/caritas\/wp-json\/wp\/v2\/types\/post"}],"author":[{"embeddable":true,"href":"https:\/\/www.diocesilucca.it\/caritas\/wp-json\/wp\/v2\/users\/244"}],"replies":[{"embeddable":true,"href":"https:\/\/www.diocesilucca.it\/caritas\/wp-json\/wp\/v2\/comments?post=1815"}],"version-history":[{"count":7,"href":"https:\/\/www.diocesilucca.it\/caritas\/wp-json\/wp\/v2\/posts\/1815\/revisions"}],"predecessor-version":[{"id":1831,"href":"https:\/\/www.diocesilucca.it\/caritas\/wp-json\/wp\/v2\/posts\/1815\/revisions\/1831"}],"wp:featuredmedia":[{"embeddable":true,"href":"https:\/\/www.diocesilucca.it\/caritas\/wp-json\/wp\/v2\/media\/1816"}],"wp:attachment":[{"href":"https:\/\/www.diocesilucca.it\/caritas\/wp-json\/wp\/v2\/media?parent=1815"}],"wp:term":[{"taxonomy":"category","embeddable":true,"href":"https:\/\/www.diocesilucca.it\/caritas\/wp-json\/wp\/v2\/categories?post=1815"},{"taxonomy":"post_tag","embeddable":true,"href":"https:\/\/www.diocesilucca.it\/caritas\/wp-json\/wp\/v2\/tags?post=1815"}],"curies":[{"name":"wp","href":"https:\/\/api.w.org\/{rel}","templated":true}]}}