{"id":1766,"date":"2022-03-29T12:31:50","date_gmt":"2022-03-29T10:31:50","guid":{"rendered":"https:\/\/www.diocesilucca.it\/caritas\/?p=1766"},"modified":"2022-03-29T12:31:51","modified_gmt":"2022-03-29T10:31:51","slug":"insieme-per-la-pace-una-serata-di-testimonianze-e-preghiera-con-la-comunita-ucraina","status":"publish","type":"post","link":"https:\/\/www.diocesilucca.it\/caritas\/2022\/03\/29\/insieme-per-la-pace-una-serata-di-testimonianze-e-preghiera-con-la-comunita-ucraina\/","title":{"rendered":"Insieme per la pace: una serata di testimonianze e preghiera con la comunit\u00e0 ucraina"},"content":{"rendered":"\n<p class=\"has-black-color has-text-color\"><strong><mark style=\"background-color:#ffffff;color:#0f7ebe\" class=\"has-inline-color\">PACE PER L&#8217;<\/mark><mark style=\"background-color:#ffffff\" class=\"has-inline-color has-luminous-vivid-amber-color\">UCRAINA<\/mark><\/strong> <img loading=\"lazy\" decoding=\"async\" height=\"16\" width=\"16\" src=\"https:\/\/static.xx.fbcdn.net\/images\/emoji.php\/v9\/t51\/2\/16\/1f1fa_1f1e6.png\" alt=\"\ud83c\uddfa\ud83c\udde6\"><br><br><strong>Marted\u00ec 29 marzo partecipa anche tu<\/strong>.<br><br><strong>Alle 21.00<\/strong> ci ritroviamo <strong>a Lucca, nella Cattedrale di San Martino<\/strong>, per <strong>raccoglierci intorno a quanti sono accolti e a quanti stanno accogliendo<\/strong>. In queste settimane molte famiglie ucraine in fuga dalla guerra stanno raggiungendo il nostro territorio. L\u2019accoglienza che la Diocesi di Lucca pu\u00f2 dare \u00e8 sostenuta dalla generosit\u00e0 di tante persone che stanno mettendo a disposizione alloggi, beni essenziali, competenze e tempo.<br><br>Nel cuore dell&#8217;emergenza, ti proponiamo <strong>un momento di testimonianza e di preghiera<\/strong>, intitolato <strong>Insieme per la pace<\/strong>, che riunisca la comunit\u00e0 ucraina che da anni vive a Lucca, le famiglie accolte in queste settimane e che sono fuggite dal conflitto, e le varie persone che stanno accogliendo questi profughi sul nostro territorio.<br><br>L&#8217;incontro \u00e8 aperto a tutti. Saranno presenti l\u2019<strong>arcivescovo Paolo Giulietti<\/strong> e il parroco greco-cattolico ucraino <strong>don Volodymyr Liupac<\/strong>.<\/p>\n\n\n\n<div style=\"height:36px\" aria-hidden=\"true\" class=\"wp-block-spacer\"><\/div>\n\n\n\n<div class=\"wp-block-image\"><figure class=\"aligncenter size-full\"><img loading=\"lazy\" decoding=\"async\" width=\"595\" height=\"743\" src=\"https:\/\/www.diocesilucca.it\/caritas\/wp-content\/uploads\/sites\/10\/2022\/03\/Insieme-per-la-pace.jpeg\" alt=\"\" class=\"wp-image-1764\" srcset=\"https:\/\/www.diocesilucca.it\/caritas\/wp-content\/uploads\/sites\/10\/2022\/03\/Insieme-per-la-pace.jpeg 595w, https:\/\/www.diocesilucca.it\/caritas\/wp-content\/uploads\/sites\/10\/2022\/03\/Insieme-per-la-pace-240x300.jpeg 240w\" sizes=\"auto, (max-width: 595px) 100vw, 595px\" \/><\/figure><\/div>\n","protected":false},"excerpt":{"rendered":"<p>PACE PER L&#8217;UCRAINA Marted\u00ec 29 marzo partecipa anche tu. Alle 21.00 ci ritroviamo a Lucca, nella Cattedrale di San Martino, per raccoglierci intorno a quanti sono accolti e a quanti stanno accogliendo. In queste settimane molte famiglie ucraine in fuga dalla guerra stanno raggiungendo il&#8230;<\/p>\n","protected":false},"author":244,"featured_media":1767,"comment_status":"closed","ping_status":"closed","sticky":false,"template":"","format":"standard","meta":{"footnotes":""},"categories":[60,30,66,59,23],"tags":[],"class_list":["post-1766","post","type-post","status-publish","format-standard","has-post-thumbnail","hentry","category-accoglienza","category-eventi","category-testimonianze","category-ucraina","category-volontariato"],"_links":{"self":[{"href":"https:\/\/www.diocesilucca.it\/caritas\/wp-json\/wp\/v2\/posts\/1766","targetHints":{"allow":["GET"]}}],"collection":[{"href":"https:\/\/www.diocesilucca.it\/caritas\/wp-json\/wp\/v2\/posts"}],"about":[{"href":"https:\/\/www.diocesilucca.it\/caritas\/wp-json\/wp\/v2\/types\/post"}],"author":[{"embeddable":true,"href":"https:\/\/www.diocesilucca.it\/caritas\/wp-json\/wp\/v2\/users\/244"}],"replies":[{"embeddable":true,"href":"https:\/\/www.diocesilucca.it\/caritas\/wp-json\/wp\/v2\/comments?post=1766"}],"version-history":[{"count":2,"href":"https:\/\/www.diocesilucca.it\/caritas\/wp-json\/wp\/v2\/posts\/1766\/revisions"}],"predecessor-version":[{"id":1769,"href":"https:\/\/www.diocesilucca.it\/caritas\/wp-json\/wp\/v2\/posts\/1766\/revisions\/1769"}],"wp:featuredmedia":[{"embeddable":true,"href":"https:\/\/www.diocesilucca.it\/caritas\/wp-json\/wp\/v2\/media\/1767"}],"wp:attachment":[{"href":"https:\/\/www.diocesilucca.it\/caritas\/wp-json\/wp\/v2\/media?parent=1766"}],"wp:term":[{"taxonomy":"category","embeddable":true,"href":"https:\/\/www.diocesilucca.it\/caritas\/wp-json\/wp\/v2\/categories?post=1766"},{"taxonomy":"post_tag","embeddable":true,"href":"https:\/\/www.diocesilucca.it\/caritas\/wp-json\/wp\/v2\/tags?post=1766"}],"curies":[{"name":"wp","href":"https:\/\/api.w.org\/{rel}","templated":true}]}}