{"id":1540,"date":"2021-11-06T18:00:00","date_gmt":"2021-11-06T17:00:00","guid":{"rendered":"https:\/\/www.diocesilucca.it\/caritas\/?p=1540"},"modified":"2021-11-09T16:40:13","modified_gmt":"2021-11-09T15:40:13","slug":"eccoci-tutte-le-iniziative-della-giornata-mondiale-dei-poveri-2021","status":"publish","type":"post","link":"https:\/\/www.diocesilucca.it\/caritas\/2021\/11\/06\/eccoci-tutte-le-iniziative-della-giornata-mondiale-dei-poveri-2021\/","title":{"rendered":"Eccoci. Tutte le iniziative della Giornata mondiale dei poveri 2021"},"content":{"rendered":"\n<p>\u201c<strong>Eccoci<\/strong>\u201d: cos\u00ec Caritas diocesana ha intitolato la serie di iniziative che verranno realizzate in occasione della <strong>Giornata mondiale dei poveri<\/strong>, indetta da Papa Francesco per il prossimo <strong>14 novembre<\/strong> con un messaggio che si ispira alla frase evangelica \u201cI poveri li avete sempre con voi\u201d (Mc 14, 7). Il fitto programma vede il coinvolgimento e la partecipazione di tante persone e realt\u00e0 del territorio, tra cui gli enti e le associazioni che compongono la <strong>Consulta degli organismi socioassistenziali dell\u2019Arcidiocesi di Lucca<\/strong>.<br><br>La giornata, giunta quest\u2019anno alla sua quinta edizione, viene celebrata all\u2019inizio di un <strong>cammino sinodale<\/strong> gi\u00e0 in essere, tutto incentrato sull\u2019<strong>ascolto<\/strong> e sull\u2019<strong>incontro<\/strong>. In un momento in cui la Chiesa tutta, cos\u00ec come le singole Chiese locali, si fermano in dialogo con i fedeli, l\u2019ascolto delle comunit\u00e0 passa anche attraverso tutti i servizi di prossimit\u00e0 che ogni giorno accolgono e confortano i pi\u00f9 fragili e chi ha pi\u00f9 bisogno.<br><br>I primi appuntamenti in programma saranno venerd\u00ec 12 novembre. Al mattino con l&#8217;annuncio di Caritas e Confcommercio per la ripresa di alcune iniziative congiunte. La sera dello stesso giorno alle ore 21.15 in tre chiese della diocesi sar\u00e0 celebrata una <strong>veglia<\/strong> sul tema della Giornata, durante la quale sar\u00e0 consegnato agli operatori pastorali e ai volontari della Diocesi di Lucca un \u201cmandato alla prossimit\u00e0\u201d. Le <strong>chiese interessate<\/strong> sono quelle di <strong>San Vito <\/strong>per la Piana di Lucca, <strong>Don Bosco a Viareggio<\/strong> per la Versilia e <strong>San Jacopo a Borgo a Mozzano<\/strong> per la Mediavalle e Garfagnana. L\u2019intervento che il vescovo far\u00e0 a San Vito sar\u00e0 trasmesso in diretta nelle altre chiese.<br><br>Il fine settimana sar\u00e0 ricco di appuntamenti. L\u2019iniziativa <strong>Olio b\u00f2no<\/strong> porter\u00e0 squadre di volontari a raccogliere le olive presso uliveti concessi a Caritas da privati per la <strong>raccolta solidale<\/strong>: l\u2019olio cos\u00ec prodotto andr\u00e0 alle mense di solidariet\u00e0 e sulle tavole delle famiglie seguite dai Centri di Ascolto Caritas del territorio.<br><br>Presso la <strong>mensa di solidariet\u00e0 <\/strong>in Centro Storico a Lucca, sabato 13 l\u2019<strong>Ordine dei Cavalieri di Malta<\/strong> consegner\u00e0 un kit per la cura della persona, mentre domenica 14 la <strong>Comunit\u00e0 di Sant\u2019Egidio<\/strong> organizzer\u00e0 un momento di festa donando ai beneficiari un\u2019icona e una preghiera.<br><br>Domenica 14, inoltre, le <strong>celebrazioni eucaristiche<\/strong> saranno animate sul tema della Giornata dei poveri e verr\u00e0 consegnato a tutte le comunit\u00e0 parrocchiali un \u201cmandato alla prossimit\u00e0\u201d.<br><br>Luned\u00ec 15 novembre alle ore 21.00 sul <strong>canale YouTube dell\u2019Arcidiocesi di Lucca<\/strong> verr\u00e0 trasmesso un <strong>incontro<\/strong> dal titolo <strong>\u201cI poveri li avete sempre con voi\u201d<\/strong>: <strong>Don Bruno Frediani <\/strong>commenter\u00e0 il messaggio con cui Papa Francesco indice la quinta Giornata mondiale dei poveri; la serata sar\u00e0 impreziosita dalle testimonianze di operatori e volontari impegnati ogni giorno sui servizi di prossimit\u00e0.<br><br>Sabato 20 novembre ricorre la Giornata internazionale per i diritti dell\u2019infanzia e dell\u2019adolescenza. In questa occasione, Caritas promuover\u00e0 un\u2019iniziativa d\u2019animazione a cura del <strong>Laboratorio Orchestrale Lucchese Fratel Arturo Paoli <\/strong>presso alcuni luoghi pubblici di Lucca: incursioni musicali per far circolare stupore e bellezza nel Centro Storico della citt\u00e0.<br><br>L\u2019ultima iniziativa in programma \u00e8 datata gioved\u00ec 25 novembre. Alle ore 18.00 in via degli Stipeti 33 a Coselli ci sar\u00e0 <strong>Le uova di Nanina<\/strong>, un incontro di presentazione del primo bilancio sociale della cooperativa sociale e di comunit\u00e0 Nanina.Durante tutta la rassegna, la Giornata dei poveri avr\u00e0 una forte <strong>presenza anche online<\/strong>, e non solo con gli appuntamenti fin qui descritti. I giovani volontari della \u201credazione\u201d <strong>Podcast<\/strong> di Caritas pubblicheranno un <strong>nuovo ciclo di episodi di \u201cCitofonare umanit\u00e0\u201d<\/strong>. I canali social di Caritas, inoltre, si animeranno mostrando tutte le iniziative in programma e pubblicando una <strong>serie di video<\/strong> per raccontare le tante realt\u00e0 che sul territorio animano i servizi per i pi\u00f9 fragili.<br><br><strong>MATERIALI<\/strong><br><a href=\"https:\/\/www.diocesilucca.it\/caritas\/wp-content\/uploads\/sites\/10\/2021\/11\/A3_Eccoci_GDP_2021.jpeg\">Locandina<\/a><br><a href=\"https:\/\/www.diocesilucca.it\/caritas\/wp-content\/uploads\/sites\/10\/2021\/11\/Web_Eccoci_GDP_2021_programma.jpeg\">Programma<\/a><br><a href=\"https:\/\/www.diocesilucca.it\/caritas\/wp-content\/uploads\/sites\/10\/2021\/11\/Veglia-Giornata-mondiale-dei-poveri-2021.pdf\">Libretto per le veglie di venerd\u00ec 12 novembre<\/a><br><a href=\"https:\/\/www.diocesilucca.it\/caritas\/wp-content\/uploads\/sites\/10\/2021\/11\/Sussidio-Giornata-mondiale-dei-poveri-2021.pdf\">Sussidio per l&#8217;animazione liturgica di domenica 15 novembre<\/a><\/p>\n","protected":false},"excerpt":{"rendered":"<p>\u201cEccoci\u201d: cos\u00ec Caritas diocesana ha intitolato la serie di iniziative che verranno realizzate in occasione della Giornata mondiale dei poveri, indetta da Papa Francesco per il prossimo 14 novembre con un messaggio che si ispira alla frase evangelica \u201cI poveri li avete sempre con voi\u201d&#8230;<\/p>\n","protected":false},"author":244,"featured_media":1536,"comment_status":"closed","ping_status":"closed","sticky":false,"template":"","format":"standard","meta":{"footnotes":""},"categories":[30,55,44,23],"tags":[],"class_list":["post-1540","post","type-post","status-publish","format-standard","has-post-thumbnail","hentry","category-eventi","category-giornata-mondiale-dei-poveri","category-poverta","category-volontariato"],"_links":{"self":[{"href":"https:\/\/www.diocesilucca.it\/caritas\/wp-json\/wp\/v2\/posts\/1540","targetHints":{"allow":["GET"]}}],"collection":[{"href":"https:\/\/www.diocesilucca.it\/caritas\/wp-json\/wp\/v2\/posts"}],"about":[{"href":"https:\/\/www.diocesilucca.it\/caritas\/wp-json\/wp\/v2\/types\/post"}],"author":[{"embeddable":true,"href":"https:\/\/www.diocesilucca.it\/caritas\/wp-json\/wp\/v2\/users\/244"}],"replies":[{"embeddable":true,"href":"https:\/\/www.diocesilucca.it\/caritas\/wp-json\/wp\/v2\/comments?post=1540"}],"version-history":[{"count":3,"href":"https:\/\/www.diocesilucca.it\/caritas\/wp-json\/wp\/v2\/posts\/1540\/revisions"}],"predecessor-version":[{"id":1546,"href":"https:\/\/www.diocesilucca.it\/caritas\/wp-json\/wp\/v2\/posts\/1540\/revisions\/1546"}],"wp:featuredmedia":[{"embeddable":true,"href":"https:\/\/www.diocesilucca.it\/caritas\/wp-json\/wp\/v2\/media\/1536"}],"wp:attachment":[{"href":"https:\/\/www.diocesilucca.it\/caritas\/wp-json\/wp\/v2\/media?parent=1540"}],"wp:term":[{"taxonomy":"category","embeddable":true,"href":"https:\/\/www.diocesilucca.it\/caritas\/wp-json\/wp\/v2\/categories?post=1540"},{"taxonomy":"post_tag","embeddable":true,"href":"https:\/\/www.diocesilucca.it\/caritas\/wp-json\/wp\/v2\/tags?post=1540"}],"curies":[{"name":"wp","href":"https:\/\/api.w.org\/{rel}","templated":true}]}}