{"id":1479,"date":"2021-07-03T15:42:55","date_gmt":"2021-07-03T13:42:55","guid":{"rendered":"https:\/\/www.diocesilucca.it\/caritas\/?p=1479"},"modified":"2021-07-03T15:42:57","modified_gmt":"2021-07-03T13:42:57","slug":"caritas-day-unestate-da-sogno","status":"publish","type":"post","link":"https:\/\/www.diocesilucca.it\/caritas\/2021\/07\/03\/caritas-day-unestate-da-sogno\/","title":{"rendered":"&#8220;Caritas Day&#8221; &#8211; Un&#8217;estate da sogno"},"content":{"rendered":"\n<p>Nelle nostre comunit\u00e0 parrocchiali, l&#8217;estate \u00e8 il tempo per i bambini e le bambine. <strong>Grest, oratori estivi, campi residenziali,<\/strong> sono molte le occasioni educative e di socialit\u00e0 che le Parrocchie offrono a bambini e adolescenti.<\/p>\n\n\n\n<p>Caritas Day \u00e8 la proposta dell&#8217;equipe Young Caritas Lucca rivolta ad educatori, catechisti e animatori impegnati in queste iniziative. Una <strong>giornata animata dagli operatori di Young Caritas<\/strong>, in collaborazione con gli educatori parrocchiali, da inserire nel programma dell&#8217;oratorio o del campo estivo, per conoscere meglio il servizio e la sensibilit\u00e0 che Caritas porta avanti nelle nostre comunit\u00e0. <\/p>\n\n\n\n<p>Ispirandosi alle linee guida per l&#8217;estate di ANSPI, Caritas Day sar\u00e0 dedicato al tema del <strong>sogno<\/strong>, il sogno che Caritas ha per le nostre comunit\u00e0, basato su due azioni: <strong>curare e custodire<\/strong>. <\/p>\n\n\n\n<p>Le attivit\u00e0 proposte, organizzate su un tempo di circa 3 ore, saranno declinate intorno a quattro tematiche: cura e custodia di s\u00e8, delle relazioni, della citt\u00e0 e dell&#8217;ambiente. Con giochi ed attivit\u00e0, i bambini e le bambine potranno fare esperienza diretta di queste quattro attenzioni provando a riportarle nel loro vivere quotidiano.<\/p>\n\n\n\n<p>Per attivare un Caritas Day o per avere <strong>ulteriori informazioni:<\/strong><\/p>\n\n\n\n<p>caritaslucca@gmail.com<\/p>\n\n\n\n<p>0583430939<\/p>\n\n\n\n<p>FB: Caritas Diocesana di Lucca<\/p>\n\n\n\n<p>IG: caritaslucca, youngcaritaslucca<\/p>\n\n\n\n<p><\/p>\n","protected":false},"excerpt":{"rendered":"<p>Nelle nostre comunit\u00e0 parrocchiali, l&#8217;estate \u00e8 il tempo per i bambini e le bambine. Grest, oratori estivi, campi residenziali, sono molte le occasioni educative e di socialit\u00e0 che le Parrocchie offrono a bambini e adolescenti. Caritas Day \u00e8 la proposta dell&#8217;equipe Young Caritas Lucca rivolta&#8230;<\/p>\n","protected":false},"author":246,"featured_media":1480,"comment_status":"closed","ping_status":"closed","sticky":false,"template":"","format":"standard","meta":{"footnotes":""},"categories":[13,14,16,5,15],"tags":[],"class_list":["post-1479","post","type-post","status-publish","format-standard","has-post-thumbnail","hentry","category-bambini","category-centri-estivi","category-estate","category-giovani","category-young-caritas"],"_links":{"self":[{"href":"https:\/\/www.diocesilucca.it\/caritas\/wp-json\/wp\/v2\/posts\/1479","targetHints":{"allow":["GET"]}}],"collection":[{"href":"https:\/\/www.diocesilucca.it\/caritas\/wp-json\/wp\/v2\/posts"}],"about":[{"href":"https:\/\/www.diocesilucca.it\/caritas\/wp-json\/wp\/v2\/types\/post"}],"author":[{"embeddable":true,"href":"https:\/\/www.diocesilucca.it\/caritas\/wp-json\/wp\/v2\/users\/246"}],"replies":[{"embeddable":true,"href":"https:\/\/www.diocesilucca.it\/caritas\/wp-json\/wp\/v2\/comments?post=1479"}],"version-history":[{"count":1,"href":"https:\/\/www.diocesilucca.it\/caritas\/wp-json\/wp\/v2\/posts\/1479\/revisions"}],"predecessor-version":[{"id":1481,"href":"https:\/\/www.diocesilucca.it\/caritas\/wp-json\/wp\/v2\/posts\/1479\/revisions\/1481"}],"wp:featuredmedia":[{"embeddable":true,"href":"https:\/\/www.diocesilucca.it\/caritas\/wp-json\/wp\/v2\/media\/1480"}],"wp:attachment":[{"href":"https:\/\/www.diocesilucca.it\/caritas\/wp-json\/wp\/v2\/media?parent=1479"}],"wp:term":[{"taxonomy":"category","embeddable":true,"href":"https:\/\/www.diocesilucca.it\/caritas\/wp-json\/wp\/v2\/categories?post=1479"},{"taxonomy":"post_tag","embeddable":true,"href":"https:\/\/www.diocesilucca.it\/caritas\/wp-json\/wp\/v2\/tags?post=1479"}],"curies":[{"name":"wp","href":"https:\/\/api.w.org\/{rel}","templated":true}]}}