{"id":1445,"date":"2021-06-22T13:54:59","date_gmt":"2021-06-22T11:54:59","guid":{"rendered":"https:\/\/www.diocesilucca.it\/caritas\/?p=1445"},"modified":"2021-06-22T13:55:01","modified_gmt":"2021-06-22T11:55:01","slug":"svegliare-laurora-in-podcast-le-conclusioni-del-rapporto-diocesano-2021-lette-da-donatella-turri","status":"publish","type":"post","link":"https:\/\/www.diocesilucca.it\/caritas\/2021\/06\/22\/svegliare-laurora-in-podcast-le-conclusioni-del-rapporto-diocesano-2021-lette-da-donatella-turri\/","title":{"rendered":"&#8220;Svegliare l&#8217;aurora&#8221; in podcast &#8211; Le conclusioni del Rapporto diocesano 2021 lette da Donatella Turri"},"content":{"rendered":"\n<p>Si \u00e8 svolta Venerd\u00ec 18 Giugno la presentazione di &#8220;Svegliare l&#8217;aurora&#8221; &#8211; Rapporto 2021 sulle povert\u00e0 e le risorse della Diocesi di Lucca.<\/p>\n\n\n\n<p>Il Rapporto raccoglie i dati rilevati dalla rete dei Centri Ascolto dando una fotografia della situazione delle povert\u00e0 sul nostro territorio. Ma i dati non vengono solo restituiti al pubblico, vengono letti, interpretati e utilizzati come punto di partenza per guidare l&#8217;operato di Caritas nelle comunit\u00e0.<\/p>\n\n\n\n<p>La nostra direttrice Donatella Turri ha affidato alle conclusioni del dossier, alcune importanti considerazioni riguardo a come proseguire il cammino nelle nostre Caritas. Le puoi ascoltare in podcast su tutte le principali piattaforme cliccando ai seguenti link:<\/p>\n\n\n\n<p><strong>ANCHOR<\/strong> &#8211; CLICCA <a href=\"https:\/\/anchor.fm\/caritas-diocesana-lucca\/episodes\/Svegliare-laurora--Conclusioni-del-Rapporto-sulle-povert-e-le-risorse-della-Diocesi-di-Lucca-2021-e1316v3\">QUI<\/a><\/p>\n\n\n\n<p><strong>SPOTIFY<\/strong> &#8211; CLICCA <a href=\"https:\/\/open.spotify.com\/episode\/45shga7BUp5XHYrwtSW6LH?si=ONBA545dQbePUWYcIm99Tw&amp;dl_branch=1\">QUI<\/a><\/p>\n\n\n\n<p><strong>APPLE PODCAST<\/strong> &#8211; CLICCA <a href=\"https:\/\/podcasts.apple.com\/us\/podcast\/svegliare-laurora-conclusioni-del-rapporto-sulle-povert%C3%A0\/id1526486278?i=1000526025506\">QUI<\/a><\/p>\n","protected":false},"excerpt":{"rendered":"<p>Si \u00e8 svolta Venerd\u00ec 18 Giugno la presentazione di &#8220;Svegliare l&#8217;aurora&#8221; &#8211; Rapporto 2021 sulle povert\u00e0 e le risorse della Diocesi di Lucca. Il Rapporto raccoglie i dati rilevati dalla rete dei Centri Ascolto dando una fotografia della situazione delle povert\u00e0 sul nostro territorio. Ma&#8230;<\/p>\n","protected":false},"author":246,"featured_media":1446,"comment_status":"closed","ping_status":"closed","sticky":false,"template":"","format":"standard","meta":{"footnotes":""},"categories":[11,39,31,44,40,45,1],"tags":[],"class_list":["post-1445","post","type-post","status-publish","format-standard","has-post-thumbnail","hentry","category-ascolto","category-osservatorio","category-podcast","category-poverta","category-pubblicazioni","category-rapporto","category-senza-categoria"],"_links":{"self":[{"href":"https:\/\/www.diocesilucca.it\/caritas\/wp-json\/wp\/v2\/posts\/1445","targetHints":{"allow":["GET"]}}],"collection":[{"href":"https:\/\/www.diocesilucca.it\/caritas\/wp-json\/wp\/v2\/posts"}],"about":[{"href":"https:\/\/www.diocesilucca.it\/caritas\/wp-json\/wp\/v2\/types\/post"}],"author":[{"embeddable":true,"href":"https:\/\/www.diocesilucca.it\/caritas\/wp-json\/wp\/v2\/users\/246"}],"replies":[{"embeddable":true,"href":"https:\/\/www.diocesilucca.it\/caritas\/wp-json\/wp\/v2\/comments?post=1445"}],"version-history":[{"count":1,"href":"https:\/\/www.diocesilucca.it\/caritas\/wp-json\/wp\/v2\/posts\/1445\/revisions"}],"predecessor-version":[{"id":1447,"href":"https:\/\/www.diocesilucca.it\/caritas\/wp-json\/wp\/v2\/posts\/1445\/revisions\/1447"}],"wp:featuredmedia":[{"embeddable":true,"href":"https:\/\/www.diocesilucca.it\/caritas\/wp-json\/wp\/v2\/media\/1446"}],"wp:attachment":[{"href":"https:\/\/www.diocesilucca.it\/caritas\/wp-json\/wp\/v2\/media?parent=1445"}],"wp:term":[{"taxonomy":"category","embeddable":true,"href":"https:\/\/www.diocesilucca.it\/caritas\/wp-json\/wp\/v2\/categories?post=1445"},{"taxonomy":"post_tag","embeddable":true,"href":"https:\/\/www.diocesilucca.it\/caritas\/wp-json\/wp\/v2\/tags?post=1445"}],"curies":[{"name":"wp","href":"https:\/\/api.w.org\/{rel}","templated":true}]}}