{"id":1315,"date":"2021-04-13T16:48:58","date_gmt":"2021-04-13T14:48:58","guid":{"rendered":"https:\/\/www.diocesilucca.it\/caritas\/?p=1315"},"modified":"2021-04-13T16:49:00","modified_gmt":"2021-04-13T14:49:00","slug":"fratelli-tutti-sulla-stessa-barca-il-rapporto-2020-sulle-poverta-delle-diocesi-toscane","status":"publish","type":"post","link":"https:\/\/www.diocesilucca.it\/caritas\/2021\/04\/13\/fratelli-tutti-sulla-stessa-barca-il-rapporto-2020-sulle-poverta-delle-diocesi-toscane\/","title":{"rendered":"&#8220;Fratelli, tutti sulla stessa barca&#8221;: il rapporto 2020 sulle povert\u00e0 delle Diocesi Toscane"},"content":{"rendered":"\n<p class=\"has-black-color has-text-color\">\u00c8 stato pubblicato il nuovo <strong>Rapporto sulle povert\u00e0 delle Diocesi Toscane<\/strong> con i <em>dati del 2020<\/em>, anno tristemente caratterizzato dall&#8217;arrivo della pandemia, che ha aggravato pesantemente le fragilit\u00e0 che avevamo imparato a conoscere sui nostri territori. Il titolo del documento <strong>Fratelli, tutti sulla stessa barca<\/strong> richiama le parole che Papa Francesco pronunCi\u00f2 durante il primo lockdown in una Piazza San Pietro deserta, sottolineando come, a maggior ragione in una situazione come questa, \u00e8 la comunit\u00e0 tutta, coesa e solidale, che vive e pu\u00f2 farsi carico di queste fragilit\u00e0.<br><br>Il rapporto \u00e8 risultato del lavoro dell&#8217;<strong>Osservatorio regionale dei bisogni, delle povert\u00e0 e delle risorse<\/strong> della <strong>Delegazione di Caritas Toscana<\/strong>. In esso si fotografa in modo dettagliato l&#8217;attuale dimensione dei fenomeni di povert\u00e0 nella nostra regione, ma con un lucido sguardo rivolto anche verso un orizzonte post-Covid.<br><br>Per leggere il rapporto clicca qua sotto.<\/p>\n\n\n\n<div class=\"wp-block-buttons is-content-justification-center is-layout-flex wp-block-buttons-is-layout-flex\">\n<div class=\"wp-block-button is-style-fill\"><a class=\"wp-block-button__link has-white-color has-text-color has-background\" href=\"https:\/\/www.diocesilucca.it\/caritas\/wp-content\/uploads\/sites\/10\/2021\/04\/Rapporto-regionale-Caritas-2020.pdf\" style=\"background-color:#189769\" target=\"_blank\" rel=\"noreferrer noopener\"><strong>LEGGI IL RAPPORTO<\/strong><\/a><\/div>\n<\/div>\n\n\n\n<div style=\"height:20px\" aria-hidden=\"true\" class=\"wp-block-spacer\"><\/div>\n","protected":false},"excerpt":{"rendered":"<p>\u00c8 stato pubblicato il nuovo Rapporto sulle povert\u00e0 delle Diocesi Toscane con i dati del 2020, anno tristemente caratterizzato dall&#8217;arrivo della pandemia, che ha aggravato pesantemente le fragilit\u00e0 che avevamo imparato a conoscere sui nostri territori. Il titolo del documento Fratelli, tutti sulla stessa barca&#8230;<\/p>\n","protected":false},"author":244,"featured_media":1316,"comment_status":"closed","ping_status":"closed","sticky":false,"template":"","format":"standard","meta":{"footnotes":""},"categories":[38,8,39,40],"tags":[],"class_list":["post-1315","post","type-post","status-publish","format-standard","has-post-thumbnail","hentry","category-caritas-toscana","category-covid19","category-osservatorio","category-pubblicazioni"],"_links":{"self":[{"href":"https:\/\/www.diocesilucca.it\/caritas\/wp-json\/wp\/v2\/posts\/1315","targetHints":{"allow":["GET"]}}],"collection":[{"href":"https:\/\/www.diocesilucca.it\/caritas\/wp-json\/wp\/v2\/posts"}],"about":[{"href":"https:\/\/www.diocesilucca.it\/caritas\/wp-json\/wp\/v2\/types\/post"}],"author":[{"embeddable":true,"href":"https:\/\/www.diocesilucca.it\/caritas\/wp-json\/wp\/v2\/users\/244"}],"replies":[{"embeddable":true,"href":"https:\/\/www.diocesilucca.it\/caritas\/wp-json\/wp\/v2\/comments?post=1315"}],"version-history":[{"count":4,"href":"https:\/\/www.diocesilucca.it\/caritas\/wp-json\/wp\/v2\/posts\/1315\/revisions"}],"predecessor-version":[{"id":1321,"href":"https:\/\/www.diocesilucca.it\/caritas\/wp-json\/wp\/v2\/posts\/1315\/revisions\/1321"}],"wp:featuredmedia":[{"embeddable":true,"href":"https:\/\/www.diocesilucca.it\/caritas\/wp-json\/wp\/v2\/media\/1316"}],"wp:attachment":[{"href":"https:\/\/www.diocesilucca.it\/caritas\/wp-json\/wp\/v2\/media?parent=1315"}],"wp:term":[{"taxonomy":"category","embeddable":true,"href":"https:\/\/www.diocesilucca.it\/caritas\/wp-json\/wp\/v2\/categories?post=1315"},{"taxonomy":"post_tag","embeddable":true,"href":"https:\/\/www.diocesilucca.it\/caritas\/wp-json\/wp\/v2\/tags?post=1315"}],"curies":[{"name":"wp","href":"https:\/\/api.w.org\/{rel}","templated":true}]}}