{"id":1262,"date":"2020-12-22T13:38:00","date_gmt":"2020-12-22T12:38:00","guid":{"rendered":"https:\/\/www.diocesilucca.it\/caritas\/?p=1262"},"modified":"2020-12-22T13:38:01","modified_gmt":"2020-12-22T12:38:01","slug":"fermenti-primo-rapporto-sulleconomia-civile-in-provincia-di-lucca","status":"publish","type":"post","link":"https:\/\/www.diocesilucca.it\/caritas\/2020\/12\/22\/fermenti-primo-rapporto-sulleconomia-civile-in-provincia-di-lucca\/","title":{"rendered":"Fermenti. Primo rapporto sull\u2019economia civile in provincia di Lucca"},"content":{"rendered":"\n<p>Presentato lo scorso 18 dicembre 2020, <strong>Fermenti. Primo rapporto sull&#8217;economia civile in provincia di Lucca<\/strong> \u00e8 il prodotto di un anno e pi\u00f9 di lavoro del <strong>Tavolo di economia civile<\/strong>, che Caritas ha promosso insieme a molti altri partner del territorio, istituzionali e non. Il documento, oltre a tracciare un bilancio di quanto attivato per rispondere alla crisi legata alla pandemia, ha rappresentato un&#8217;occasione per fare una prima mappatura delle realt\u00e0 che praticano una forma di economia pi\u00f9 attenta alle persone, alle risorse, all&#8217;ambiente. Un punto di partenza per spingerci insieme verso nuovi possibili scenari, come la nascita di un vero e proprio distretto provinciale di economia civile, cos\u00ec come suggerito a pi\u00f9 voci durante la presentazione.<br><br>Il Tavolo \u00e8 una realt\u00e0 aperta e prevede l\u2019allargamento del numero di soggetti coinvolti nel prossimo futuro. Gi\u00e0 a luglio 2020 aveva pubblicato <a rel=\"noreferrer noopener\" href=\"https:\/\/www.diocesilucca.it\/caritas\/2020\/07\/15\/distanti-il-flash-report-sulle-risposte-allemergenza-covid-19\/\" target=\"_blank\">il suo primo documento, il flash report <strong>d\u2019Istanti, capacit\u00e0 di risposta sociale e orizzonti civili in tempo di Covid<\/strong><\/a>, in cui \u00e8 stata fatta una prima e parziale fotografia delle conseguenze economiche della crisi sanitaria sul nostro territorio provinciale e delle risposte che diversi soggetti hanno attivato.<br><br>Clicca sul pulsante qua sotto per leggere nel dettaglio <strong>Fermenti. Primo rapporto sull&#8217;economia civile in provincia di Lucca<\/strong>.<\/p>\n\n\n\n<div class=\"wp-block-buttons is-content-justification-center is-layout-flex wp-block-buttons-is-layout-flex\">\n<div class=\"wp-block-button is-style-fill\"><a class=\"wp-block-button__link has-vivid-green-cyan-background-color has-background\" href=\"https:\/\/www.diocesilucca.it\/caritas\/wp-content\/uploads\/sites\/10\/2020\/12\/Fermenti_Caritas_Screen_Corretto.pdf\" style=\"border-radius:23px\" target=\"_blank\" rel=\"https:\/\/www.diocesilucca.it\/caritas\/wp-content\/uploads\/sites\/10\/2020\/12\/Fermenti_Caritas_Screen_Corretto.pdf noopener\"><strong>LEGGI IL RAPPORTO<\/strong><\/a><\/div>\n<\/div>\n\n\n\n<p><\/p>\n","protected":false},"excerpt":{"rendered":"<p>Presentato lo scorso 18 dicembre 2020, Fermenti. Primo rapporto sull&#8217;economia civile in provincia di Lucca \u00e8 il prodotto di un anno e pi\u00f9 di lavoro del Tavolo di economia civile, che Caritas ha promosso insieme a molti altri partner del territorio, istituzionali e non. Il&#8230;<\/p>\n","protected":false},"author":244,"featured_media":1263,"comment_status":"closed","ping_status":"closed","sticky":false,"template":"","format":"standard","meta":{"footnotes":""},"categories":[8,24],"tags":[],"class_list":["post-1262","post","type-post","status-publish","format-standard","has-post-thumbnail","hentry","category-covid19","category-economia-civile"],"_links":{"self":[{"href":"https:\/\/www.diocesilucca.it\/caritas\/wp-json\/wp\/v2\/posts\/1262","targetHints":{"allow":["GET"]}}],"collection":[{"href":"https:\/\/www.diocesilucca.it\/caritas\/wp-json\/wp\/v2\/posts"}],"about":[{"href":"https:\/\/www.diocesilucca.it\/caritas\/wp-json\/wp\/v2\/types\/post"}],"author":[{"embeddable":true,"href":"https:\/\/www.diocesilucca.it\/caritas\/wp-json\/wp\/v2\/users\/244"}],"replies":[{"embeddable":true,"href":"https:\/\/www.diocesilucca.it\/caritas\/wp-json\/wp\/v2\/comments?post=1262"}],"version-history":[{"count":6,"href":"https:\/\/www.diocesilucca.it\/caritas\/wp-json\/wp\/v2\/posts\/1262\/revisions"}],"predecessor-version":[{"id":1270,"href":"https:\/\/www.diocesilucca.it\/caritas\/wp-json\/wp\/v2\/posts\/1262\/revisions\/1270"}],"wp:featuredmedia":[{"embeddable":true,"href":"https:\/\/www.diocesilucca.it\/caritas\/wp-json\/wp\/v2\/media\/1263"}],"wp:attachment":[{"href":"https:\/\/www.diocesilucca.it\/caritas\/wp-json\/wp\/v2\/media?parent=1262"}],"wp:term":[{"taxonomy":"category","embeddable":true,"href":"https:\/\/www.diocesilucca.it\/caritas\/wp-json\/wp\/v2\/categories?post=1262"},{"taxonomy":"post_tag","embeddable":true,"href":"https:\/\/www.diocesilucca.it\/caritas\/wp-json\/wp\/v2\/tags?post=1262"}],"curies":[{"name":"wp","href":"https:\/\/api.w.org\/{rel}","templated":true}]}}