{"id":1224,"date":"2020-10-29T12:06:41","date_gmt":"2020-10-29T11:06:41","guid":{"rendered":"https:\/\/www.diocesilucca.it\/caritas\/?p=1224"},"modified":"2020-10-29T12:06:43","modified_gmt":"2020-10-29T11:06:43","slug":"citofonare-umanita-maria-teresa","status":"publish","type":"post","link":"https:\/\/www.diocesilucca.it\/caritas\/2020\/10\/29\/citofonare-umanita-maria-teresa\/","title":{"rendered":"Citofonare Umanit\u00e0: Maria Teresa"},"content":{"rendered":"\r\n<p><strong>Citofonare Umanit\u00e0<\/strong> ti accompagna a conoscere <strong>persone che vivono molto vicino<\/strong>, ma che vengono da molto lontano. Oggi scopriamo insieme la storia di Maria Teresa.<br><br>Una folta chioma di riccioli, una parlantina coinvolgente, un bel sorriso: ecco <strong>Maria Teresa<\/strong>. Costretta a scappare dal <strong>Venezuela<\/strong> nel 2017, \u00e8 venuta in Italia dove ha chiesto e ottenuto la protezione internazionale. \u00c8 una persona che non si perde d&#8217;animo: com&#8217;\u00e8 arrivata, si \u00e8 subito data da fare per imparare la lingua e trovare un lavoro. Le piace Lucca perch\u00e9 \u00e8 a met\u00e0 strada tra un paesino e una grande citt\u00e0: la misura ideale per poter essere girata in bicicletta.<br><br><strong>Ascolta la puntata<\/strong> su una delle seguenti piattaforme:<br><a href=\"https:\/\/anchor.fm\/caritas-diocesana-lucca\/episodes\/Maria-Teresa-ekd0i8\" target=\"_blank\" rel=\"noreferrer noopener\">Anchor<\/a><br><a href=\"https:\/\/podcasts.google.com\/feed\/aHR0cHM6Ly9hbmNob3IuZm0vcy8yZjQ5ODdhMC9wb2RjYXN0L3Jzcw\/episode\/OTEyZTcyMzQtMDI1MS00NDk2LTg4MmItYzIxNzI3ZTY4NjE1?sa=X&amp;ved=0CAUQkfYCahcKEwjA7-XI0tnsAhUAAAAAHQAAAAAQAQ\" target=\"_blank\" rel=\"noreferrer noopener\">Google Podcast<\/a><br><a href=\"https:\/\/open.spotify.com\/episode\/4sk3igTljqeVnsNzLRESp1\" target=\"_blank\" rel=\"noreferrer noopener\">Spotify<\/a><br><a href=\"https:\/\/www.breaker.audio\/citofonare-umanita-storie-popoli-persone-la-nostra-citta-a\/e\/73084197\" target=\"_blank\" rel=\"noreferrer noopener\">Breaker<\/a><br><a href=\"https:\/\/overcast.fm\/itunes1526486278\/citofonare-umanit-storie-popoli-persone-la-nostra-citt-a-portata-di-podcast\" target=\"_blank\" rel=\"noreferrer noopener\">Overcast<\/a><br><a href=\"https:\/\/pca.st\/fxrmufss\">Radio Public<\/a><\/p>\r\n\r\n\r\n\r\n<div style=\"height:20px\" aria-hidden=\"true\" class=\"wp-block-spacer\"><\/div>\r\n\r\n\r\n\r\n<p>Per scoprire il podcast e ascoltare le altre puntate clicca sul seguente link:<\/p>\r\n\r\n\r\n\r\n<p class=\"has-text-align-center\"><strong><a rel=\"noreferrer noopener\" href=\"https:\/\/www.diocesilucca.it\/caritas\/2020\/10\/02\/citofonare-umanita-il-podcast-di-caritas-lucca\/\" target=\"_blank\">CITOFONARE UMANIT\u00c0<br>Storie, popoli, persone. La nostra citt\u00e0 a portata di podcast.<\/a><\/strong><\/p>\r\n\r\n\r\n\r\n<div style=\"height:20px\" aria-hidden=\"true\" class=\"wp-block-spacer\"><\/div>\r\n\r\n\r\n\r\n<p class=\"has-text-align-left\">Se ti interessa la narrazione di storie e anche tu vuoi cimentarti nella produzione di contenuti audio, clicca sul seguente link:<\/p>\r\n\r\n\r\n\r\n<p class=\"has-text-align-center\"><a rel=\"noreferrer noopener\" href=\"https:\/\/www.diocesilucca.it\/caritas\/2020\/10\/05\/per-fare-un-podcast\/\" target=\"_blank\"><strong>PER FARE UN PODCAST<br>Corso di avviamento al<\/strong><\/a><a href=\"https:\/\/www.diocesilucca.it\/caritas\/2020\/10\/05\/per-fare-un-podcast\/\" target=\"_blank\" rel=\"noreferrer noopener\"><strong> <\/strong><\/a><a rel=\"noreferrer noopener\" href=\"https:\/\/www.diocesilucca.it\/caritas\/2020\/10\/05\/per-fare-un-podcast\/\" target=\"_blank\"><strong>podcasting<\/strong><\/a><\/p>\r\n\r\n\r\n\r\n<div style=\"height:20px\" aria-hidden=\"true\" class=\"wp-block-spacer\"><\/div>\r\n","protected":false},"excerpt":{"rendered":"<p>Citofonare Umanit\u00e0 ti accompagna a conoscere persone che vivono molto vicino, ma che vengono da molto lontano. Oggi scopriamo insieme la storia di Maria Teresa. Una folta chioma di riccioli, una parlantina coinvolgente, un bel sorriso: ecco Maria Teresa. Costretta a scappare dal Venezuela nel&#8230;<\/p>\n","protected":false},"author":244,"featured_media":1225,"comment_status":"closed","ping_status":"closed","sticky":false,"template":"","format":"standard","meta":{"footnotes":""},"categories":[18,32,31,15],"tags":[],"class_list":["post-1224","post","type-post","status-publish","format-standard","has-post-thumbnail","hentry","category-asola-e-bottone","category-festa-dei-popoli","category-podcast","category-young-caritas"],"_links":{"self":[{"href":"https:\/\/www.diocesilucca.it\/caritas\/wp-json\/wp\/v2\/posts\/1224","targetHints":{"allow":["GET"]}}],"collection":[{"href":"https:\/\/www.diocesilucca.it\/caritas\/wp-json\/wp\/v2\/posts"}],"about":[{"href":"https:\/\/www.diocesilucca.it\/caritas\/wp-json\/wp\/v2\/types\/post"}],"author":[{"embeddable":true,"href":"https:\/\/www.diocesilucca.it\/caritas\/wp-json\/wp\/v2\/users\/244"}],"replies":[{"embeddable":true,"href":"https:\/\/www.diocesilucca.it\/caritas\/wp-json\/wp\/v2\/comments?post=1224"}],"version-history":[{"count":1,"href":"https:\/\/www.diocesilucca.it\/caritas\/wp-json\/wp\/v2\/posts\/1224\/revisions"}],"predecessor-version":[{"id":1226,"href":"https:\/\/www.diocesilucca.it\/caritas\/wp-json\/wp\/v2\/posts\/1224\/revisions\/1226"}],"wp:featuredmedia":[{"embeddable":true,"href":"https:\/\/www.diocesilucca.it\/caritas\/wp-json\/wp\/v2\/media\/1225"}],"wp:attachment":[{"href":"https:\/\/www.diocesilucca.it\/caritas\/wp-json\/wp\/v2\/media?parent=1224"}],"wp:term":[{"taxonomy":"category","embeddable":true,"href":"https:\/\/www.diocesilucca.it\/caritas\/wp-json\/wp\/v2\/categories?post=1224"},{"taxonomy":"post_tag","embeddable":true,"href":"https:\/\/www.diocesilucca.it\/caritas\/wp-json\/wp\/v2\/tags?post=1224"}],"curies":[{"name":"wp","href":"https:\/\/api.w.org\/{rel}","templated":true}]}}