{"id":1217,"date":"2020-10-22T11:29:41","date_gmt":"2020-10-22T09:29:41","guid":{"rendered":"https:\/\/www.diocesilucca.it\/caritas\/?p=1217"},"modified":"2020-10-29T09:45:16","modified_gmt":"2020-10-29T08:45:16","slug":"citofonare-umanita-raja","status":"publish","type":"post","link":"https:\/\/www.diocesilucca.it\/caritas\/2020\/10\/22\/citofonare-umanita-raja\/","title":{"rendered":"Citofonare umanit\u00e0: Raja"},"content":{"rendered":"\r\n<p>Suoniamo il campanello, una voce al citofono ci dice di entrare, ci aprono il portone e ci accoglie qualcuno che ancora non conosciamo ma che ha voglia di raccontarci qualcosa di s\u00e8. Ci siediamo e ascoltiamo. Questo \u00e8 Citofonare umanit\u00e0 e nell\u2019episodio di oggi c\u2019\u00e8 Raja ad accoglierci.<\/p>\r\n\r\n\r\n\r\n<p>Il salotto di Raja \u00e8 comodo e bello. Ci tiene ad avere la casa curata ed in ordine. E&#8217; arrivata dalla Tunisia seguendo il marito, dopo essersi laureata in Giurisprudenza nel suo paese. Abita a San Concordio con la sua famiglia e alle sue figlie ripete sempre un detto arabo che invita ad impegnarsi, giorno e notte, per raggiungere i propri traguardi. <\/p>\r\n\r\n\r\n\r\n<p><strong>Ascolta la puntata<\/strong>&nbsp;su una delle seguenti piattaforme:<br><a href=\"https:\/\/podcasts.google.com\/feed\/aHR0cHM6Ly9hbmNob3IuZm0vcy8yZjQ5ODdhMC9wb2RjYXN0L3Jzcw\/episode\/OWUzYzhmZWUtOWJhMC00N2JiLTk5MTgtYTdhODQzMDBmOWQx?sa=X&amp;ved=2ahUKEwiFjZSI7sfsAhVF04UKHafYAT8QkfYCegQIARAF\" target=\"_blank\" rel=\"noreferrer noopener\">Google Podcast<\/a><br><a href=\"https:\/\/anchor.fm\/caritas-diocesana-lucca\/episodes\/Raja-ekd0fs\" target=\"_blank\" rel=\"noreferrer noopener\">Anchor<\/a><br><a href=\"https:\/\/open.spotify.com\/episode\/6A8lwnQd57khGuhdILlwz1\" target=\"_blank\" rel=\"noreferrer noopener\">Spotify<\/a><br><a href=\"https:\/\/www.breaker.audio\/citofonare-umanita-storie-popoli-persone-la-nostra-citta-a\/e\/73084200\" target=\"_blank\" rel=\"noreferrer noopener\">Breaker<\/a><br><a href=\"https:\/\/overcast.fm\/+girtupilA\" target=\"_blank\" rel=\"noreferrer noopener\">Overcast<\/a><br><a href=\"https:\/\/radiopublic.com\/citofonare-umanit-storie-popoli-p-8XJRej\/s1!b04bf\" target=\"_blank\" rel=\"noreferrer noopener\">Radio Public<\/a><br><br>Per scoprire il podcast e ascoltare le altre puntate clicca sul seguente link:<\/p>\r\n\r\n\r\n\r\n<p class=\"has-text-align-center\"><strong><a rel=\"noreferrer noopener\" href=\"https:\/\/www.diocesilucca.it\/caritas\/2020\/10\/02\/citofonare-umanita-il-podcast-di-caritas-lucca\/\" target=\"_blank\">CITOFONARE UMANIT\u00c0<br>Storie, popoli, persone. La nostra citt\u00e0 a portata di podcast.<\/a><\/strong><\/p>\r\n\r\n\r\n\r\n<p>Caritas sta cercando giovani interessati ad entrare a fare parte del gruppo di redazione e propone un corso di formazione. Se ti interessa la narrazione di storie e anche tu vuoi cimentarti nella produzione di contenuti audio, clicca sul seguente link:<\/p>\r\n\r\n\r\n\r\n<p class=\"has-text-align-center\"><strong><a rel=\"noreferrer noopener\" href=\"https:\/\/www.diocesilucca.it\/caritas\/2020\/10\/05\/per-fare-un-podcast\/\" target=\"_blank\">PER FARE UN PODCAST<br>Corso di avviamento al <\/a><\/strong><a rel=\"noreferrer noopener\" href=\"https:\/\/www.diocesilucca.it\/caritas\/2020\/10\/05\/per-fare-un-podcast\/\" target=\"_blank\"><strong>podcasting<\/strong><\/a><\/p>\r\n\r\n\r\n\r\n<p><\/p>\r\n","protected":false},"excerpt":{"rendered":"<p>Suoniamo il campanello, una voce al citofono ci dice di entrare, ci aprono il portone e ci accoglie qualcuno che ancora non conosciamo ma che ha voglia di raccontarci qualcosa di s\u00e8. Ci siediamo e ascoltiamo. Questo \u00e8 Citofonare umanit\u00e0 e nell\u2019episodio di oggi c\u2019\u00e8&#8230;<\/p>\n","protected":false},"author":246,"featured_media":1218,"comment_status":"closed","ping_status":"closed","sticky":false,"template":"","format":"standard","meta":{"footnotes":""},"categories":[18,32,31,15],"tags":[33,34,35],"class_list":["post-1217","post","type-post","status-publish","format-standard","has-post-thumbnail","hentry","category-asola-e-bottone","category-festa-dei-popoli","category-podcast","category-young-caritas","tag-asola-e-bottone","tag-podcast","tag-young-caritas"],"_links":{"self":[{"href":"https:\/\/www.diocesilucca.it\/caritas\/wp-json\/wp\/v2\/posts\/1217","targetHints":{"allow":["GET"]}}],"collection":[{"href":"https:\/\/www.diocesilucca.it\/caritas\/wp-json\/wp\/v2\/posts"}],"about":[{"href":"https:\/\/www.diocesilucca.it\/caritas\/wp-json\/wp\/v2\/types\/post"}],"author":[{"embeddable":true,"href":"https:\/\/www.diocesilucca.it\/caritas\/wp-json\/wp\/v2\/users\/246"}],"replies":[{"embeddable":true,"href":"https:\/\/www.diocesilucca.it\/caritas\/wp-json\/wp\/v2\/comments?post=1217"}],"version-history":[{"count":5,"href":"https:\/\/www.diocesilucca.it\/caritas\/wp-json\/wp\/v2\/posts\/1217\/revisions"}],"predecessor-version":[{"id":1237,"href":"https:\/\/www.diocesilucca.it\/caritas\/wp-json\/wp\/v2\/posts\/1217\/revisions\/1237"}],"wp:featuredmedia":[{"embeddable":true,"href":"https:\/\/www.diocesilucca.it\/caritas\/wp-json\/wp\/v2\/media\/1218"}],"wp:attachment":[{"href":"https:\/\/www.diocesilucca.it\/caritas\/wp-json\/wp\/v2\/media?parent=1217"}],"wp:term":[{"taxonomy":"category","embeddable":true,"href":"https:\/\/www.diocesilucca.it\/caritas\/wp-json\/wp\/v2\/categories?post=1217"},{"taxonomy":"post_tag","embeddable":true,"href":"https:\/\/www.diocesilucca.it\/caritas\/wp-json\/wp\/v2\/tags?post=1217"}],"curies":[{"name":"wp","href":"https:\/\/api.w.org\/{rel}","templated":true}]}}