{"id":1173,"date":"2020-10-08T14:34:05","date_gmt":"2020-10-08T12:34:05","guid":{"rendered":"https:\/\/www.diocesilucca.it\/caritas\/?p=1173"},"modified":"2020-10-08T14:34:07","modified_gmt":"2020-10-08T12:34:07","slug":"citofonare-umanita-zena","status":"publish","type":"post","link":"https:\/\/www.diocesilucca.it\/caritas\/2020\/10\/08\/citofonare-umanita-zena\/","title":{"rendered":"Citofonare Umanit\u00e0: Zena"},"content":{"rendered":"\r\n<p>Hai dato un ascolto a <strong>Citofonare Umanit\u00e0<\/strong>? Potrai conoscere le <strong>storie di tante persone<\/strong> che vengono da <strong>varie parti del mondo<\/strong>. Vieni con noi a trovarle: saremo accolti per una chiacchierata in compagnia.<br><br>Oggi \u00e8 <strong>Zena<\/strong> ad aprirci la porta di casa sua. Zena viene dal <strong>Senegal<\/strong> e, prima di giungere a Lucca, ha girato un po&#8217; tra Genova e Novara. Alla Festa dei Popoli di San Concordio \u00e8 la regina delle <strong>treccine<\/strong>! Gran lavoratrice, ha tanti talenti&#8230; ma non chiederle l&#8217;esatta coniugazione dei verbi, con un gran sorriso ti dir\u00e0 che non sono il suo forte. Ha scelto di vivere a Lucca perch\u00e9 le piace e perch\u00e9 ci si sente a casa.<br><br><strong>Ascolta la puntata<\/strong> su una delle seguenti piattaforme:<br><a rel=\"noreferrer noopener\" href=\"https:\/\/podcasts.google.com\/feed\/aHR0cHM6Ly9hbmNob3IuZm0vcy8yZjQ5ODdhMC9wb2RjYXN0L3Jzcw\/episode\/NDRjNWY4ZTktMDM2Zi00MGQ5LWEwNmYtOWM5NWE1MzVjNTQz?sa=X&amp;ved=2ahUKEwi0243T8KTsAhUT-BoKHVURAnMQkfYCegQIARAF\" target=\"_blank\">Google Podcast<\/a><br><a rel=\"noreferrer noopener\" href=\"https:\/\/anchor.fm\/caritas-diocesana-lucca\/episodes\/Zena-ekd0cb\" target=\"_blank\">Anchor<\/a><br><a rel=\"noreferrer noopener\" href=\"https:\/\/open.spotify.com\/episode\/0SbZnQaKOFbqkI3Ob8kB9w\" target=\"_blank\">Spotify<\/a><br><a rel=\"noreferrer noopener\" href=\"https:\/\/www.breaker.audio\/citofonare-umanita-storie-popoli-persone-la-nostra-citta-a\/e\/73084204\" target=\"_blank\">Breaker<\/a><br><a rel=\"noreferrer noopener\" href=\"https:\/\/overcast.fm\/+girsGCRB4\" target=\"_blank\">Overcast<\/a><br><a rel=\"noreferrer noopener\" href=\"https:\/\/radiopublic.com\/citofonare-umanit-storie-popoli-p-8XJRej\/s1!0d06c\" target=\"_blank\">Radio Public<\/a><\/p>\r\n\r\n\r\n\r\n<div style=\"height:20px\" aria-hidden=\"true\" class=\"wp-block-spacer\"><\/div>\r\n\r\n\r\n\r\n<p>Per scoprire il podcast e ascoltare le altre puntate clicca sul seguente link:<\/p>\r\n\r\n\r\n\r\n<p class=\"has-text-align-center\"><strong><a rel=\"noreferrer noopener\" href=\"https:\/\/www.diocesilucca.it\/caritas\/2020\/10\/02\/citofonare-umanita-il-podcast-di-caritas-lucca\/\" target=\"_blank\">CITOFONARE UMANIT\u00c0<br>Storie, popoli, persone. La nostra citt\u00e0 a portata di podcast.<\/a><\/strong><\/p>\r\n\r\n\r\n\r\n<div style=\"height:20px\" aria-hidden=\"true\" class=\"wp-block-spacer\"><\/div>\r\n\r\n\r\n\r\n<p class=\"has-text-align-left\">Se ti interessa la narrazione di storie e anche tu vuoi cimentarti nella produzione di contenuti audio, clicca sul seguente link:<\/p>\r\n\r\n\r\n\r\n<p class=\"has-text-align-center\"><a rel=\"noreferrer noopener\" href=\"https:\/\/www.diocesilucca.it\/caritas\/2020\/10\/05\/per-fare-un-podcast\/\" target=\"_blank\"><strong>PER FARE UN PODCAST<br>Corso di avviamento al<\/strong><\/a><a href=\"https:\/\/www.diocesilucca.it\/caritas\/2020\/10\/05\/per-fare-un-podcast\/\" target=\"_blank\" rel=\"noreferrer noopener\"><strong> <\/strong><\/a><a rel=\"noreferrer noopener\" href=\"https:\/\/www.diocesilucca.it\/caritas\/2020\/10\/05\/per-fare-un-podcast\/\" target=\"_blank\"><strong>podcasting<\/strong><\/a><\/p>\r\n\r\n\r\n\r\n<div style=\"height:20px\" aria-hidden=\"true\" class=\"wp-block-spacer\"><\/div>\r\n","protected":false},"excerpt":{"rendered":"<p>Hai dato un ascolto a Citofonare Umanit\u00e0? Potrai conoscere le storie di tante persone che vengono da varie parti del mondo. Vieni con noi a trovarle: saremo accolti per una chiacchierata in compagnia. Oggi \u00e8 Zena ad aprirci la porta di casa sua. Zena viene&#8230;<\/p>\n","protected":false},"author":244,"featured_media":1183,"comment_status":"closed","ping_status":"closed","sticky":false,"template":"","format":"standard","meta":{"footnotes":""},"categories":[18,31,15],"tags":[],"class_list":["post-1173","post","type-post","status-publish","format-standard","has-post-thumbnail","hentry","category-asola-e-bottone","category-podcast","category-young-caritas"],"_links":{"self":[{"href":"https:\/\/www.diocesilucca.it\/caritas\/wp-json\/wp\/v2\/posts\/1173","targetHints":{"allow":["GET"]}}],"collection":[{"href":"https:\/\/www.diocesilucca.it\/caritas\/wp-json\/wp\/v2\/posts"}],"about":[{"href":"https:\/\/www.diocesilucca.it\/caritas\/wp-json\/wp\/v2\/types\/post"}],"author":[{"embeddable":true,"href":"https:\/\/www.diocesilucca.it\/caritas\/wp-json\/wp\/v2\/users\/244"}],"replies":[{"embeddable":true,"href":"https:\/\/www.diocesilucca.it\/caritas\/wp-json\/wp\/v2\/comments?post=1173"}],"version-history":[{"count":9,"href":"https:\/\/www.diocesilucca.it\/caritas\/wp-json\/wp\/v2\/posts\/1173\/revisions"}],"predecessor-version":[{"id":1182,"href":"https:\/\/www.diocesilucca.it\/caritas\/wp-json\/wp\/v2\/posts\/1173\/revisions\/1182"}],"wp:featuredmedia":[{"embeddable":true,"href":"https:\/\/www.diocesilucca.it\/caritas\/wp-json\/wp\/v2\/media\/1183"}],"wp:attachment":[{"href":"https:\/\/www.diocesilucca.it\/caritas\/wp-json\/wp\/v2\/media?parent=1173"}],"wp:term":[{"taxonomy":"category","embeddable":true,"href":"https:\/\/www.diocesilucca.it\/caritas\/wp-json\/wp\/v2\/categories?post=1173"},{"taxonomy":"post_tag","embeddable":true,"href":"https:\/\/www.diocesilucca.it\/caritas\/wp-json\/wp\/v2\/tags?post=1173"}],"curies":[{"name":"wp","href":"https:\/\/api.w.org\/{rel}","templated":true}]}}