{"id":1133,"date":"2020-08-25T12:03:07","date_gmt":"2020-08-25T10:03:07","guid":{"rendered":"https:\/\/www.diocesilucca.it\/caritas\/?p=1133"},"modified":"2020-08-25T12:03:09","modified_gmt":"2020-08-25T10:03:09","slug":"vivere-essenziale-musica-classica-per-la-giornata-del-creato","status":"publish","type":"post","link":"https:\/\/www.diocesilucca.it\/caritas\/2020\/08\/25\/vivere-essenziale-musica-classica-per-la-giornata-del-creato\/","title":{"rendered":"Vivere essenziale: musica classica per la Giornata del Creato"},"content":{"rendered":"\r\n<p class=\"has-black-color has-text-color\">Il 1\u00b0 settembre \u00e8 la <strong>Giornata per la custodia del creato<\/strong> e, come ogni anno, la Caritas diocesana di Lucca celebra questo appuntamento con la rassegna <strong>Punto. A capo<\/strong> che comprende una serie di proposte fatte per porre in risalto bellezza, sobriet\u00e0 e tutto ci\u00f2 che ruota intorno ai temi dell&#8217;<strong>ecologia integrale<\/strong>, tanto cara a Papa Francesco.<\/p>\r\n\r\n\r\n\r\n<p class=\"has-black-color has-text-color\">In questo travagliato 2020, prendendo in prestito le parole che proprio il Santo Padre ha pronunciato il 27 marzo in una Piazza San Pietro deserta, &#8220;c<em>i siamo resi conto di trovarci sulla stessa barca, tutti fragili e disorientati, ma nello stesso tempo importanti e necessari, tutti chiamati a remare insieme, tutti bisognosi di confortarci a vicenda<\/em>&#8220;. Cos\u00ec \u00e8 stato. E abbiamo visto che in tantissimi hanno risposto con generosit\u00e0 agli appelli di aiuto che di volta in volta abbiamo lanciato durante l&#8217;emergenza.<\/p>\r\n\r\n\r\n\r\n<p class=\"has-black-color has-text-color\">Nella lettera &#8220;<strong>Custodi, non padroni<\/strong>&#8220;, i vescovi italiani scrivono che &#8220;<em>adesso \u00e8 tempo di ripensare tanti aspetti della nostra vita assieme, dalla coscienza di ci\u00f2 che pi\u00f9 vale e le d\u00e0 significato, alla cura della stessa vita, cos\u00ec preziosa, alla qualit\u00e0 delle relazioni sociali ed economiche: davvero la pandemia ha evidenziato tante situazioni di vuoto culturale, di mancanza di punti di riferimento e di ingiustizia, che occorre superare<\/em>&#8220;.<\/p>\r\n\r\n\r\n\r\n<p class=\"has-black-color has-text-color\">La sollecitudine della comunit\u00e0 tutta verso i pi\u00f9 fragili \u00e8 stata <strong>segno di grande bellezza<\/strong>. E Caritas, in sintonia con quanto espresso dalla CEI, quest&#8217;anno vuole restituire e celebrare un po&#8217; di bellezza attraverso <strong>Vivere essenziale<\/strong>, un&#8217;iniziativa che prevede <strong>sei concerti gratuiti di musica classica<\/strong>, che saranno realizzati in varie zone della diocesi nel pieno rispetto delle regole di sicurezza.<\/p>\r\n\r\n\r\n\r\n<p>Trovi il <strong>programma completo<\/strong> della rassegna <a href=\"https:\/\/www.diocesilucca.it\/caritas\/event\/vivere-essenziale-punto-a-capo-2020\/\">cliccando qui<\/a>.<\/p>\r\n","protected":false},"excerpt":{"rendered":"<p>Il 1\u00b0 settembre \u00e8 la Giornata per la custodia del creato e, come ogni anno, la Caritas diocesana di Lucca celebra questo appuntamento con la rassegna Punto. A capo che comprende una serie di proposte fatte per porre in risalto bellezza, sobriet\u00e0 e tutto ci\u00f2&#8230;<\/p>\n","protected":false},"author":244,"featured_media":1137,"comment_status":"closed","ping_status":"closed","sticky":false,"template":"","format":"standard","meta":{"footnotes":""},"categories":[30,28,29,27],"tags":[],"class_list":["post-1133","post","type-post","status-publish","format-standard","has-post-thumbnail","hentry","category-eventi","category-giornata-del-creato","category-musica","category-punto-a-capo"],"_links":{"self":[{"href":"https:\/\/www.diocesilucca.it\/caritas\/wp-json\/wp\/v2\/posts\/1133","targetHints":{"allow":["GET"]}}],"collection":[{"href":"https:\/\/www.diocesilucca.it\/caritas\/wp-json\/wp\/v2\/posts"}],"about":[{"href":"https:\/\/www.diocesilucca.it\/caritas\/wp-json\/wp\/v2\/types\/post"}],"author":[{"embeddable":true,"href":"https:\/\/www.diocesilucca.it\/caritas\/wp-json\/wp\/v2\/users\/244"}],"replies":[{"embeddable":true,"href":"https:\/\/www.diocesilucca.it\/caritas\/wp-json\/wp\/v2\/comments?post=1133"}],"version-history":[{"count":3,"href":"https:\/\/www.diocesilucca.it\/caritas\/wp-json\/wp\/v2\/posts\/1133\/revisions"}],"predecessor-version":[{"id":1136,"href":"https:\/\/www.diocesilucca.it\/caritas\/wp-json\/wp\/v2\/posts\/1133\/revisions\/1136"}],"wp:featuredmedia":[{"embeddable":true,"href":"https:\/\/www.diocesilucca.it\/caritas\/wp-json\/wp\/v2\/media\/1137"}],"wp:attachment":[{"href":"https:\/\/www.diocesilucca.it\/caritas\/wp-json\/wp\/v2\/media?parent=1133"}],"wp:term":[{"taxonomy":"category","embeddable":true,"href":"https:\/\/www.diocesilucca.it\/caritas\/wp-json\/wp\/v2\/categories?post=1133"},{"taxonomy":"post_tag","embeddable":true,"href":"https:\/\/www.diocesilucca.it\/caritas\/wp-json\/wp\/v2\/tags?post=1133"}],"curies":[{"name":"wp","href":"https:\/\/api.w.org\/{rel}","templated":true}]}}