{"id":1028,"date":"2020-06-18T12:32:02","date_gmt":"2020-06-18T10:32:02","guid":{"rendered":"https:\/\/www.diocesilucca.it\/caritas\/?p=1028"},"modified":"2020-06-18T15:01:52","modified_gmt":"2020-06-18T13:01:52","slug":"estate-2020-caritas-propone-due-centri-estivi-per-bambini-e-ragazzi","status":"publish","type":"post","link":"https:\/\/www.diocesilucca.it\/caritas\/2020\/06\/18\/estate-2020-caritas-propone-due-centri-estivi-per-bambini-e-ragazzi\/","title":{"rendered":"Estate 2020, Caritas propone due centri estivi per bambini e ragazzi"},"content":{"rendered":"\r\n<p>Entrando nell&#8217;estate 2020, la Caritas diocesana di Lucca propone <strong>due centri estivi <\/strong>per bambini e ragazzi: <strong>Play School <\/strong>e le <strong>Settimane Verdi<\/strong>. Entrambi dureranno cinque settimane, <strong>dal 29 giugno al 31 luglio<\/strong>, dal luned\u00ec al venerd\u00ec, dalle ore 8.00 alle ore 17.00 (oppure fino alle 13.00 per la mezza giornata). Ovviamente i due centri saranno realizzati nel pi\u00f9 totale rispetto delle norme di sicurezza sanitaria.<br><br><strong>Play School<\/strong> \u00e8 il campus per bambini e ragazzi <strong>da 10 a 13 anni<\/strong> che si terr\u00e0 nel cuore di <strong>San Concordio<\/strong> (Lucca). Colorer\u00e0 per un mese le giornate dei giovani partecipanti: giochi, laboratori musicali, di lingua, di riuso, compiti delle vacanze insieme a insegnanti volontarie, esperienze di scoperta dell&#8217;ambiente e visite guidate ai luoghi pi\u00f9 interessanti della citt\u00e0. Le attivit\u00e0 di Play School si svolgeranno tra la <strong>Scuola Media Leonardo Da Vinci<\/strong> e il <strong>Parco della Montagnola<\/strong>.<br>Per <strong>informazioni e iscrizioni<\/strong>, contatta <strong>Matteo<\/strong> scrivendo una mail a matteo.caritaslucca@gmail.com oppure telefonando al numero 3479449106.<br><br>Le <strong>Settimane Verdi <\/strong>sono il centro estivo per bambini e ragazzi <strong>da 6 a 11 anni<\/strong> che sar\u00e0 realizzato presso la <strong>Fattoria Urbana Riva degli Albogatti<\/strong>, a <strong>Nave<\/strong>, a un passo da Lucca e sulle rive del fiume Serchio. I piccoli partecipanti potranno vivere tante attivit\u00e0 a contatto con la natura e in assoluta sicurezza. Ci saranno laboratori di inglese, di musica, di riuso&#8230; e poi ancora i giochi all&#8217;aperto, un aiuto sui compiti delle vacanze e le passeggiate nel Parco Fluviale!<br>Per <strong>informazioni e iscrizioni<\/strong>, contatta <strong>Irene<\/strong> scrivendo una mail a lucca@fattoriaurbana.it oppure telefonando al numero 3280371174.<br><br>Non aspettare: i centri estivi stanno per partire e <strong>i posti sono limitati!<\/strong><br><br>Sia Play School che le Settimane Verdi prevedono il <strong>pranzo al sacco<\/strong> e hanno un <strong>quota settimanale<\/strong> di 90 euro (60 euro per la formula della mezza giornata fino alle ore 13.00). Per il pagamento della quota di partecipazione \u00e8 possibile usufruire dei <strong>voucher<\/strong> erogati dal Comune di Lucca.<br><br>Play School nasce dalla collaborazione tra la Caritas diocesana, la Parrocchia di San Concordio &#8211; Pontetetto, l&#8217;Istituto Comprensivo Lucca 2, il Laboratorio Orchestrale Lucchese LOL, Daccapo Sistema di Riuso Solidale, l&#8217;associazione Tempo di Musica, il Tavolo di Partecipazione Asola e Bottone e le associazioni Aeliante, Furaha, Concentus Lucensis. Le Settimane Verdi sono un&#8217;iniziativa della Cooperativa Sociale Nanina, con la Caritas diocesana, il Laboratorio Orchestrale Lucchese LOL, Daccapo Sistema di Riuso Solidale, Quindi Ecosistema Solidale, Percorso In Fattoria, l&#8217;associazione Furaha e l&#8217;associazione Ascolta La Mia Voce.<\/p>\r\n","protected":false},"excerpt":{"rendered":"<p>Entrando nell&#8217;estate 2020, la Caritas diocesana di Lucca propone due centri estivi per bambini e ragazzi: Play School e le Settimane Verdi. Entrambi dureranno cinque settimane, dal 29 giugno al 31 luglio, dal luned\u00ec al venerd\u00ec, dalle ore 8.00 alle ore 17.00 (oppure fino alle&#8230;<\/p>\n","protected":false},"author":244,"featured_media":0,"comment_status":"closed","ping_status":"closed","sticky":false,"template":"","format":"standard","meta":{"footnotes":""},"categories":[17,18,13,14,16,5,9,15],"tags":[],"class_list":["post-1028","post","type-post","status-publish","format-standard","hentry","category-albogatti","category-asola-e-bottone","category-bambini","category-centri-estivi","category-estate","category-giovani","category-scuola","category-young-caritas"],"_links":{"self":[{"href":"https:\/\/www.diocesilucca.it\/caritas\/wp-json\/wp\/v2\/posts\/1028","targetHints":{"allow":["GET"]}}],"collection":[{"href":"https:\/\/www.diocesilucca.it\/caritas\/wp-json\/wp\/v2\/posts"}],"about":[{"href":"https:\/\/www.diocesilucca.it\/caritas\/wp-json\/wp\/v2\/types\/post"}],"author":[{"embeddable":true,"href":"https:\/\/www.diocesilucca.it\/caritas\/wp-json\/wp\/v2\/users\/244"}],"replies":[{"embeddable":true,"href":"https:\/\/www.diocesilucca.it\/caritas\/wp-json\/wp\/v2\/comments?post=1028"}],"version-history":[{"count":4,"href":"https:\/\/www.diocesilucca.it\/caritas\/wp-json\/wp\/v2\/posts\/1028\/revisions"}],"predecessor-version":[{"id":1034,"href":"https:\/\/www.diocesilucca.it\/caritas\/wp-json\/wp\/v2\/posts\/1028\/revisions\/1034"}],"wp:attachment":[{"href":"https:\/\/www.diocesilucca.it\/caritas\/wp-json\/wp\/v2\/media?parent=1028"}],"wp:term":[{"taxonomy":"category","embeddable":true,"href":"https:\/\/www.diocesilucca.it\/caritas\/wp-json\/wp\/v2\/categories?post=1028"},{"taxonomy":"post_tag","embeddable":true,"href":"https:\/\/www.diocesilucca.it\/caritas\/wp-json\/wp\/v2\/tags?post=1028"}],"curies":[{"name":"wp","href":"https:\/\/api.w.org\/{rel}","templated":true}]}}