{"id":2092,"date":"2026-03-23T16:20:48","date_gmt":"2026-03-23T15:20:48","guid":{"rendered":"https:\/\/www.diocesilucca.it\/archivio\/?p=2092"},"modified":"2026-04-14T10:17:49","modified_gmt":"2026-04-14T08:17:49","slug":"chiusura-straordinaria-9","status":"publish","type":"post","link":"https:\/\/www.diocesilucca.it\/archivio\/2026\/03\/23\/chiusura-straordinaria-9\/","title":{"rendered":"Chiusure e aperture straordinarie"},"content":{"rendered":"\n<p>Per un corso di formazione, l\u2019Archivio rimarr\u00e0 chiuso le mattine di luned\u00ec 11 e di marted\u00ec 12 maggio. Nei pomeriggi sar\u00e0 aperto secondo il consueto orario (14:00-17:00). <br>Mercoled\u00ec 13 maggio l\u2019Archivio sar\u00e0 eccezionalmente aperto mattina e pomeriggio secondo i consueti orari.<\/p>\n","protected":false},"excerpt":{"rendered":"<p>Per un corso di formazione, l\u2019Archivio rimarr\u00e0 chiuso le mattine di luned\u00ec 11 e di marted\u00ec 12 maggio. Nei pomeriggi sar\u00e0 aperto secondo il consueto orario (14:00-17:00). Mercoled\u00ec 13 maggio l\u2019Archivio sar\u00e0 eccezionalmente aperto mattina e pomeriggio secondo i consueti orari.<\/p>\n","protected":false},"author":273,"featured_media":0,"comment_status":"closed","ping_status":"open","sticky":false,"template":"","format":"standard","meta":{"footnotes":""},"categories":[15],"tags":[],"class_list":["post-2092","post","type-post","status-publish","format-standard","hentry","category-senza-categoria-it"],"_links":{"self":[{"href":"https:\/\/www.diocesilucca.it\/archivio\/wp-json\/wp\/v2\/posts\/2092","targetHints":{"allow":["GET"]}}],"collection":[{"href":"https:\/\/www.diocesilucca.it\/archivio\/wp-json\/wp\/v2\/posts"}],"about":[{"href":"https:\/\/www.diocesilucca.it\/archivio\/wp-json\/wp\/v2\/types\/post"}],"author":[{"embeddable":true,"href":"https:\/\/www.diocesilucca.it\/archivio\/wp-json\/wp\/v2\/users\/273"}],"replies":[{"embeddable":true,"href":"https:\/\/www.diocesilucca.it\/archivio\/wp-json\/wp\/v2\/comments?post=2092"}],"version-history":[{"count":2,"href":"https:\/\/www.diocesilucca.it\/archivio\/wp-json\/wp\/v2\/posts\/2092\/revisions"}],"predecessor-version":[{"id":2099,"href":"https:\/\/www.diocesilucca.it\/archivio\/wp-json\/wp\/v2\/posts\/2092\/revisions\/2099"}],"wp:attachment":[{"href":"https:\/\/www.diocesilucca.it\/archivio\/wp-json\/wp\/v2\/media?parent=2092"}],"wp:term":[{"taxonomy":"category","embeddable":true,"href":"https:\/\/www.diocesilucca.it\/archivio\/wp-json\/wp\/v2\/categories?post=2092"},{"taxonomy":"post_tag","embeddable":true,"href":"https:\/\/www.diocesilucca.it\/archivio\/wp-json\/wp\/v2\/tags?post=2092"}],"curies":[{"name":"wp","href":"https:\/\/api.w.org\/{rel}","templated":true}]}}