{"id":2089,"date":"2026-03-23T16:18:59","date_gmt":"2026-03-23T15:18:59","guid":{"rendered":"https:\/\/www.diocesilucca.it\/archivio\/?p=2089"},"modified":"2026-04-14T10:10:35","modified_gmt":"2026-04-14T08:10:35","slug":"chiusure-per-lanno-2026","status":"publish","type":"post","link":"https:\/\/www.diocesilucca.it\/archivio\/2026\/03\/23\/chiusure-per-lanno-2026\/","title":{"rendered":"Chiusure per l\u2019anno 2026"},"content":{"rendered":"\n<p>Salvo ulteriori avvisi, l\u2019Archivio osserver\u00e0 i seguenti giorni di chiusura per l\u2019anno 2026: <br>&#8211; luned\u00ec 4 e marted\u00ec 5 maggio;<br>&#8211; luned\u00ec 1 giugno;<br>&#8211; da luned\u00ec 6 luglio a marted\u00ec 8 settembre compresi; <br>&#8211; luned\u00ec 7 dicembre;<br>&#8211; da mercoled\u00ec 23 dicembre a marted\u00ec 5 gennaio 2026 compresi.<\/p>\n","protected":false},"excerpt":{"rendered":"<p>Salvo ulteriori avvisi, l\u2019Archivio osserver\u00e0 i seguenti giorni di chiusura per l\u2019anno 2026: &#8211; luned\u00ec 4 e marted\u00ec 5 maggio;&#8211; luned\u00ec 1 giugno;&#8211; da luned\u00ec 6 luglio a marted\u00ec 8 settembre compresi; &#8211; luned\u00ec 7 dicembre;&#8211; da mercoled\u00ec 23 dicembre a marted\u00ec 5 gennaio 2026 compresi.<\/p>\n","protected":false},"author":273,"featured_media":0,"comment_status":"closed","ping_status":"open","sticky":false,"template":"","format":"standard","meta":{"footnotes":""},"categories":[15],"tags":[],"class_list":["post-2089","post","type-post","status-publish","format-standard","hentry","category-senza-categoria-it"],"_links":{"self":[{"href":"https:\/\/www.diocesilucca.it\/archivio\/wp-json\/wp\/v2\/posts\/2089","targetHints":{"allow":["GET"]}}],"collection":[{"href":"https:\/\/www.diocesilucca.it\/archivio\/wp-json\/wp\/v2\/posts"}],"about":[{"href":"https:\/\/www.diocesilucca.it\/archivio\/wp-json\/wp\/v2\/types\/post"}],"author":[{"embeddable":true,"href":"https:\/\/www.diocesilucca.it\/archivio\/wp-json\/wp\/v2\/users\/273"}],"replies":[{"embeddable":true,"href":"https:\/\/www.diocesilucca.it\/archivio\/wp-json\/wp\/v2\/comments?post=2089"}],"version-history":[{"count":2,"href":"https:\/\/www.diocesilucca.it\/archivio\/wp-json\/wp\/v2\/posts\/2089\/revisions"}],"predecessor-version":[{"id":2097,"href":"https:\/\/www.diocesilucca.it\/archivio\/wp-json\/wp\/v2\/posts\/2089\/revisions\/2097"}],"wp:attachment":[{"href":"https:\/\/www.diocesilucca.it\/archivio\/wp-json\/wp\/v2\/media?parent=2089"}],"wp:term":[{"taxonomy":"category","embeddable":true,"href":"https:\/\/www.diocesilucca.it\/archivio\/wp-json\/wp\/v2\/categories?post=2089"},{"taxonomy":"post_tag","embeddable":true,"href":"https:\/\/www.diocesilucca.it\/archivio\/wp-json\/wp\/v2\/tags?post=2089"}],"curies":[{"name":"wp","href":"https:\/\/api.w.org\/{rel}","templated":true}]}}