{"id":2038,"date":"2025-04-01T14:56:41","date_gmt":"2025-04-01T12:56:41","guid":{"rendered":"https:\/\/www.diocesilucca.it\/archivio\/?p=2038"},"modified":"2025-04-30T12:05:45","modified_gmt":"2025-04-30T10:05:45","slug":"chiusure-per-lanno-2025","status":"publish","type":"post","link":"https:\/\/www.diocesilucca.it\/archivio\/2025\/04\/01\/chiusure-per-lanno-2025\/","title":{"rendered":"Chiusure per l\u2019anno 2025"},"content":{"rendered":"\n<p>Salvo ulteriori avvisi, l\u2019Archivio osserver\u00e0 i seguenti giorni di chiusura per l\u2019anno 2025: <br>&#8211; marted\u00ec 20 maggio;<br>&#8211; luned\u00ec 2 giugno;<br>&#8211; da luned\u00ec 7 luglio a marted\u00ec 9 settembre compresi; <br>&#8211; luned\u00ec 8 dicembre;<br>&#8211; da marted\u00ec 22 dicembre a marted\u00ec 6 gennaio 2026 compresi.<\/p>\n","protected":false},"excerpt":{"rendered":"<p>Salvo ulteriori avvisi, l\u2019Archivio osserver\u00e0 i seguenti giorni di chiusura per l\u2019anno 2025: &#8211; marted\u00ec 20 maggio;&#8211; luned\u00ec 2 giugno;&#8211; da luned\u00ec 7 luglio a marted\u00ec 9 settembre compresi; &#8211; luned\u00ec 8 dicembre;&#8211; da marted\u00ec 22 dicembre a marted\u00ec 6 gennaio 2026 compresi.<\/p>\n","protected":false},"author":273,"featured_media":0,"comment_status":"closed","ping_status":"open","sticky":false,"template":"","format":"standard","meta":{"footnotes":""},"categories":[9],"tags":[],"class_list":["post-2038","post","type-post","status-publish","format-standard","hentry","category-avvisi"],"_links":{"self":[{"href":"https:\/\/www.diocesilucca.it\/archivio\/wp-json\/wp\/v2\/posts\/2038","targetHints":{"allow":["GET"]}}],"collection":[{"href":"https:\/\/www.diocesilucca.it\/archivio\/wp-json\/wp\/v2\/posts"}],"about":[{"href":"https:\/\/www.diocesilucca.it\/archivio\/wp-json\/wp\/v2\/types\/post"}],"author":[{"embeddable":true,"href":"https:\/\/www.diocesilucca.it\/archivio\/wp-json\/wp\/v2\/users\/273"}],"replies":[{"embeddable":true,"href":"https:\/\/www.diocesilucca.it\/archivio\/wp-json\/wp\/v2\/comments?post=2038"}],"version-history":[{"count":5,"href":"https:\/\/www.diocesilucca.it\/archivio\/wp-json\/wp\/v2\/posts\/2038\/revisions"}],"predecessor-version":[{"id":2054,"href":"https:\/\/www.diocesilucca.it\/archivio\/wp-json\/wp\/v2\/posts\/2038\/revisions\/2054"}],"wp:attachment":[{"href":"https:\/\/www.diocesilucca.it\/archivio\/wp-json\/wp\/v2\/media?parent=2038"}],"wp:term":[{"taxonomy":"category","embeddable":true,"href":"https:\/\/www.diocesilucca.it\/archivio\/wp-json\/wp\/v2\/categories?post=2038"},{"taxonomy":"post_tag","embeddable":true,"href":"https:\/\/www.diocesilucca.it\/archivio\/wp-json\/wp\/v2\/tags?post=2038"}],"curies":[{"name":"wp","href":"https:\/\/api.w.org\/{rel}","templated":true}]}}