{"id":2035,"date":"2025-03-25T15:41:31","date_gmt":"2025-03-25T14:41:31","guid":{"rendered":"https:\/\/www.diocesilucca.it\/archivio\/?p=2035"},"modified":"2025-03-25T15:41:32","modified_gmt":"2025-03-25T14:41:32","slug":"chiusure-straordinarie-4","status":"publish","type":"post","link":"https:\/\/www.diocesilucca.it\/archivio\/2025\/03\/25\/chiusure-straordinarie-4\/","title":{"rendered":"Chiusure straordinarie"},"content":{"rendered":"\n<p>Si comunica ai gentili utenti che l\u2019Archivio rimarr\u00e0 chiuso al pubblico nei giorni di luned\u00ec 31 marzo e marted\u00ec 1 aprile 2025. Riaprir\u00e0 con i consueti orari luned\u00ec 7 aprile.<\/p>\n","protected":false},"excerpt":{"rendered":"<p>Si comunica ai gentili utenti che l\u2019Archivio rimarr\u00e0 chiuso al pubblico nei giorni di luned\u00ec 31 marzo e marted\u00ec 1 aprile 2025. Riaprir\u00e0 con i consueti orari luned\u00ec 7 aprile.<\/p>\n","protected":false},"author":273,"featured_media":0,"comment_status":"closed","ping_status":"open","sticky":false,"template":"","format":"standard","meta":{"footnotes":""},"categories":[9],"tags":[],"class_list":["post-2035","post","type-post","status-publish","format-standard","hentry","category-avvisi"],"_links":{"self":[{"href":"https:\/\/www.diocesilucca.it\/archivio\/wp-json\/wp\/v2\/posts\/2035","targetHints":{"allow":["GET"]}}],"collection":[{"href":"https:\/\/www.diocesilucca.it\/archivio\/wp-json\/wp\/v2\/posts"}],"about":[{"href":"https:\/\/www.diocesilucca.it\/archivio\/wp-json\/wp\/v2\/types\/post"}],"author":[{"embeddable":true,"href":"https:\/\/www.diocesilucca.it\/archivio\/wp-json\/wp\/v2\/users\/273"}],"replies":[{"embeddable":true,"href":"https:\/\/www.diocesilucca.it\/archivio\/wp-json\/wp\/v2\/comments?post=2035"}],"version-history":[{"count":1,"href":"https:\/\/www.diocesilucca.it\/archivio\/wp-json\/wp\/v2\/posts\/2035\/revisions"}],"predecessor-version":[{"id":2036,"href":"https:\/\/www.diocesilucca.it\/archivio\/wp-json\/wp\/v2\/posts\/2035\/revisions\/2036"}],"wp:attachment":[{"href":"https:\/\/www.diocesilucca.it\/archivio\/wp-json\/wp\/v2\/media?parent=2035"}],"wp:term":[{"taxonomy":"category","embeddable":true,"href":"https:\/\/www.diocesilucca.it\/archivio\/wp-json\/wp\/v2\/categories?post=2035"},{"taxonomy":"post_tag","embeddable":true,"href":"https:\/\/www.diocesilucca.it\/archivio\/wp-json\/wp\/v2\/tags?post=2035"}],"curies":[{"name":"wp","href":"https:\/\/api.w.org\/{rel}","templated":true}]}}