{"id":1951,"date":"2024-06-10T15:16:07","date_gmt":"2024-06-10T13:16:07","guid":{"rendered":"https:\/\/www.diocesilucca.it\/archivio\/?p=1951"},"modified":"2024-06-10T15:16:08","modified_gmt":"2024-06-10T13:16:08","slug":"chiusura-estiva-4","status":"publish","type":"post","link":"https:\/\/www.diocesilucca.it\/archivio\/2024\/06\/10\/chiusura-estiva-4\/","title":{"rendered":"Chiusura estiva"},"content":{"rendered":"\n<p>Si avvisano i gentili utenti che l\u2019Archivio sar\u00e0 chiuso al pubblico dal 27 giugno al 15 settembre 2024 compresi. Riaprir\u00e0 con il consueto orario luned\u00ec 16 settembre 2024.<\/p>\n","protected":false},"excerpt":{"rendered":"<p>Si avvisano i gentili utenti che l\u2019Archivio sar\u00e0 chiuso al pubblico dal 27 giugno al 15 settembre 2024 compresi. Riaprir\u00e0 con il consueto orario luned\u00ec 16 settembre 2024.<\/p>\n","protected":false},"author":273,"featured_media":0,"comment_status":"closed","ping_status":"open","sticky":false,"template":"","format":"standard","meta":{"footnotes":""},"categories":[9],"tags":[],"class_list":["post-1951","post","type-post","status-publish","format-standard","hentry","category-avvisi"],"_links":{"self":[{"href":"https:\/\/www.diocesilucca.it\/archivio\/wp-json\/wp\/v2\/posts\/1951","targetHints":{"allow":["GET"]}}],"collection":[{"href":"https:\/\/www.diocesilucca.it\/archivio\/wp-json\/wp\/v2\/posts"}],"about":[{"href":"https:\/\/www.diocesilucca.it\/archivio\/wp-json\/wp\/v2\/types\/post"}],"author":[{"embeddable":true,"href":"https:\/\/www.diocesilucca.it\/archivio\/wp-json\/wp\/v2\/users\/273"}],"replies":[{"embeddable":true,"href":"https:\/\/www.diocesilucca.it\/archivio\/wp-json\/wp\/v2\/comments?post=1951"}],"version-history":[{"count":1,"href":"https:\/\/www.diocesilucca.it\/archivio\/wp-json\/wp\/v2\/posts\/1951\/revisions"}],"predecessor-version":[{"id":1952,"href":"https:\/\/www.diocesilucca.it\/archivio\/wp-json\/wp\/v2\/posts\/1951\/revisions\/1952"}],"wp:attachment":[{"href":"https:\/\/www.diocesilucca.it\/archivio\/wp-json\/wp\/v2\/media?parent=1951"}],"wp:term":[{"taxonomy":"category","embeddable":true,"href":"https:\/\/www.diocesilucca.it\/archivio\/wp-json\/wp\/v2\/categories?post=1951"},{"taxonomy":"post_tag","embeddable":true,"href":"https:\/\/www.diocesilucca.it\/archivio\/wp-json\/wp\/v2\/tags?post=1951"}],"curies":[{"name":"wp","href":"https:\/\/api.w.org\/{rel}","templated":true}]}}