{"id":1945,"date":"2024-04-22T12:30:20","date_gmt":"2024-04-22T10:30:20","guid":{"rendered":"https:\/\/www.diocesilucca.it\/archivio\/?p=1945"},"modified":"2024-04-22T12:33:20","modified_gmt":"2024-04-22T10:33:20","slug":"chiusura-straordinaria-8","status":"publish","type":"post","link":"https:\/\/www.diocesilucca.it\/archivio\/2024\/04\/22\/chiusura-straordinaria-8\/","title":{"rendered":"Chiusure straordinarie"},"content":{"rendered":"\n<p>Avvisiamo i gentili utenti che l\u2019Archivio rimarr\u00e0 chiuso nei pomeriggi di luned\u00ec 6 e marted\u00ec 7 maggio e nella mattina di marted\u00ec 14 maggio. <\/p>\n","protected":false},"excerpt":{"rendered":"<p>Avvisiamo i gentili utenti che l\u2019Archivio rimarr\u00e0 chiuso nei pomeriggi di luned\u00ec 6 e marted\u00ec 7 maggio e nella mattina di marted\u00ec 14 maggio.<\/p>\n","protected":false},"author":273,"featured_media":0,"comment_status":"closed","ping_status":"open","sticky":false,"template":"","format":"standard","meta":{"footnotes":""},"categories":[9,15],"tags":[],"class_list":["post-1945","post","type-post","status-publish","format-standard","hentry","category-avvisi","category-senza-categoria-it"],"_links":{"self":[{"href":"https:\/\/www.diocesilucca.it\/archivio\/wp-json\/wp\/v2\/posts\/1945","targetHints":{"allow":["GET"]}}],"collection":[{"href":"https:\/\/www.diocesilucca.it\/archivio\/wp-json\/wp\/v2\/posts"}],"about":[{"href":"https:\/\/www.diocesilucca.it\/archivio\/wp-json\/wp\/v2\/types\/post"}],"author":[{"embeddable":true,"href":"https:\/\/www.diocesilucca.it\/archivio\/wp-json\/wp\/v2\/users\/273"}],"replies":[{"embeddable":true,"href":"https:\/\/www.diocesilucca.it\/archivio\/wp-json\/wp\/v2\/comments?post=1945"}],"version-history":[{"count":2,"href":"https:\/\/www.diocesilucca.it\/archivio\/wp-json\/wp\/v2\/posts\/1945\/revisions"}],"predecessor-version":[{"id":1947,"href":"https:\/\/www.diocesilucca.it\/archivio\/wp-json\/wp\/v2\/posts\/1945\/revisions\/1947"}],"wp:attachment":[{"href":"https:\/\/www.diocesilucca.it\/archivio\/wp-json\/wp\/v2\/media?parent=1945"}],"wp:term":[{"taxonomy":"category","embeddable":true,"href":"https:\/\/www.diocesilucca.it\/archivio\/wp-json\/wp\/v2\/categories?post=1945"},{"taxonomy":"post_tag","embeddable":true,"href":"https:\/\/www.diocesilucca.it\/archivio\/wp-json\/wp\/v2\/tags?post=1945"}],"curies":[{"name":"wp","href":"https:\/\/api.w.org\/{rel}","templated":true}]}}