{"id":1933,"date":"2024-02-27T12:23:06","date_gmt":"2024-02-27T11:23:06","guid":{"rendered":"https:\/\/www.diocesilucca.it\/archivio\/?p=1933"},"modified":"2024-02-27T12:23:07","modified_gmt":"2024-02-27T11:23:07","slug":"chiusura-per-le-festivita-pasquali-2","status":"publish","type":"post","link":"https:\/\/www.diocesilucca.it\/archivio\/2024\/02\/27\/chiusura-per-le-festivita-pasquali-2\/","title":{"rendered":"Chiusura per le festivit\u00e0 pasquali"},"content":{"rendered":"\n<p>Si avvisano i gentili utenti che l\u2019Archivio rimarr\u00e0 chiuso per le festivit\u00e0 pasquali dal 28 marzo al 2 aprile 2024. Riaprir\u00e0 con il consueto orario luned\u00ec 8 aprile.<\/p>\n","protected":false},"excerpt":{"rendered":"<p>Si avvisano i gentili utenti che l\u2019Archivio rimarr\u00e0 chiuso per le festivit\u00e0 pasquali dal 28 marzo al 2 aprile 2024. Riaprir\u00e0 con il consueto orario luned\u00ec 8 aprile.<\/p>\n","protected":false},"author":273,"featured_media":0,"comment_status":"closed","ping_status":"open","sticky":false,"template":"","format":"standard","meta":{"footnotes":""},"categories":[15],"tags":[],"class_list":["post-1933","post","type-post","status-publish","format-standard","hentry","category-senza-categoria-it"],"_links":{"self":[{"href":"https:\/\/www.diocesilucca.it\/archivio\/wp-json\/wp\/v2\/posts\/1933","targetHints":{"allow":["GET"]}}],"collection":[{"href":"https:\/\/www.diocesilucca.it\/archivio\/wp-json\/wp\/v2\/posts"}],"about":[{"href":"https:\/\/www.diocesilucca.it\/archivio\/wp-json\/wp\/v2\/types\/post"}],"author":[{"embeddable":true,"href":"https:\/\/www.diocesilucca.it\/archivio\/wp-json\/wp\/v2\/users\/273"}],"replies":[{"embeddable":true,"href":"https:\/\/www.diocesilucca.it\/archivio\/wp-json\/wp\/v2\/comments?post=1933"}],"version-history":[{"count":1,"href":"https:\/\/www.diocesilucca.it\/archivio\/wp-json\/wp\/v2\/posts\/1933\/revisions"}],"predecessor-version":[{"id":1934,"href":"https:\/\/www.diocesilucca.it\/archivio\/wp-json\/wp\/v2\/posts\/1933\/revisions\/1934"}],"wp:attachment":[{"href":"https:\/\/www.diocesilucca.it\/archivio\/wp-json\/wp\/v2\/media?parent=1933"}],"wp:term":[{"taxonomy":"category","embeddable":true,"href":"https:\/\/www.diocesilucca.it\/archivio\/wp-json\/wp\/v2\/categories?post=1933"},{"taxonomy":"post_tag","embeddable":true,"href":"https:\/\/www.diocesilucca.it\/archivio\/wp-json\/wp\/v2\/tags?post=1933"}],"curies":[{"name":"wp","href":"https:\/\/api.w.org\/{rel}","templated":true}]}}