{"id":1915,"date":"2023-12-18T09:21:02","date_gmt":"2023-12-18T08:21:02","guid":{"rendered":"https:\/\/www.diocesilucca.it\/archivio\/?p=1915"},"modified":"2023-12-18T09:21:03","modified_gmt":"2023-12-18T08:21:03","slug":"chiusura-per-le-festivita-natalizie-4","status":"publish","type":"post","link":"https:\/\/www.diocesilucca.it\/archivio\/2023\/12\/18\/chiusura-per-le-festivita-natalizie-4\/","title":{"rendered":"Chiusura per le festivit\u00e0 natalizie"},"content":{"rendered":"\n<p>Si avvisano i gentili utenti che l&#8217;Archivio rimarr\u00e0 chiuso per le festivit\u00e0 natalizia dal 20 dicembre 2023 al 7 gennaio 2024 compresi. Riaprir\u00e0 con il consueto orario luned\u00ec 8 gennaio. <\/p>\n","protected":false},"excerpt":{"rendered":"<p>Si avvisano i gentili utenti che l&#8217;Archivio rimarr\u00e0 chiuso per le festivit\u00e0 natalizia dal 20 dicembre 2023 al 7 gennaio 2024 compresi. Riaprir\u00e0 con il consueto orario luned\u00ec 8 gennaio.<\/p>\n","protected":false},"author":273,"featured_media":0,"comment_status":"closed","ping_status":"open","sticky":false,"template":"","format":"standard","meta":{"footnotes":""},"categories":[9,15],"tags":[],"class_list":["post-1915","post","type-post","status-publish","format-standard","hentry","category-avvisi","category-senza-categoria-it"],"_links":{"self":[{"href":"https:\/\/www.diocesilucca.it\/archivio\/wp-json\/wp\/v2\/posts\/1915","targetHints":{"allow":["GET"]}}],"collection":[{"href":"https:\/\/www.diocesilucca.it\/archivio\/wp-json\/wp\/v2\/posts"}],"about":[{"href":"https:\/\/www.diocesilucca.it\/archivio\/wp-json\/wp\/v2\/types\/post"}],"author":[{"embeddable":true,"href":"https:\/\/www.diocesilucca.it\/archivio\/wp-json\/wp\/v2\/users\/273"}],"replies":[{"embeddable":true,"href":"https:\/\/www.diocesilucca.it\/archivio\/wp-json\/wp\/v2\/comments?post=1915"}],"version-history":[{"count":2,"href":"https:\/\/www.diocesilucca.it\/archivio\/wp-json\/wp\/v2\/posts\/1915\/revisions"}],"predecessor-version":[{"id":1919,"href":"https:\/\/www.diocesilucca.it\/archivio\/wp-json\/wp\/v2\/posts\/1915\/revisions\/1919"}],"wp:attachment":[{"href":"https:\/\/www.diocesilucca.it\/archivio\/wp-json\/wp\/v2\/media?parent=1915"}],"wp:term":[{"taxonomy":"category","embeddable":true,"href":"https:\/\/www.diocesilucca.it\/archivio\/wp-json\/wp\/v2\/categories?post=1915"},{"taxonomy":"post_tag","embeddable":true,"href":"https:\/\/www.diocesilucca.it\/archivio\/wp-json\/wp\/v2\/tags?post=1915"}],"curies":[{"name":"wp","href":"https:\/\/api.w.org\/{rel}","templated":true}]}}