{"id":1909,"date":"2023-10-31T14:51:00","date_gmt":"2023-10-31T13:51:00","guid":{"rendered":"https:\/\/www.diocesilucca.it\/archivio\/?p=1909"},"modified":"2023-10-31T14:51:01","modified_gmt":"2023-10-31T13:51:01","slug":"chiusura-straordinaria-7","status":"publish","type":"post","link":"https:\/\/www.diocesilucca.it\/archivio\/2023\/10\/31\/chiusura-straordinaria-7\/","title":{"rendered":"Chiusura straordinaria"},"content":{"rendered":"\n<p>Si comunica ai gentili utenti che l\u2019Archivio rimarr\u00e0 chiuso al pubblico la mattina di marted\u00ec 21 novembre 2023. Sar\u00e0 invece aperto, come di consueto, dalle 14.00 alle 17.00.<\/p>\n","protected":false},"excerpt":{"rendered":"<p>Si comunica ai gentili utenti che l\u2019Archivio rimarr\u00e0 chiuso al pubblico la mattina di marted\u00ec 21 novembre 2023. Sar\u00e0 invece aperto, come di consueto, dalle 14.00 alle 17.00.<\/p>\n","protected":false},"author":273,"featured_media":0,"comment_status":"closed","ping_status":"open","sticky":false,"template":"","format":"standard","meta":{"footnotes":""},"categories":[9,15],"tags":[],"class_list":["post-1909","post","type-post","status-publish","format-standard","hentry","category-avvisi","category-senza-categoria-it"],"_links":{"self":[{"href":"https:\/\/www.diocesilucca.it\/archivio\/wp-json\/wp\/v2\/posts\/1909","targetHints":{"allow":["GET"]}}],"collection":[{"href":"https:\/\/www.diocesilucca.it\/archivio\/wp-json\/wp\/v2\/posts"}],"about":[{"href":"https:\/\/www.diocesilucca.it\/archivio\/wp-json\/wp\/v2\/types\/post"}],"author":[{"embeddable":true,"href":"https:\/\/www.diocesilucca.it\/archivio\/wp-json\/wp\/v2\/users\/273"}],"replies":[{"embeddable":true,"href":"https:\/\/www.diocesilucca.it\/archivio\/wp-json\/wp\/v2\/comments?post=1909"}],"version-history":[{"count":2,"href":"https:\/\/www.diocesilucca.it\/archivio\/wp-json\/wp\/v2\/posts\/1909\/revisions"}],"predecessor-version":[{"id":1911,"href":"https:\/\/www.diocesilucca.it\/archivio\/wp-json\/wp\/v2\/posts\/1909\/revisions\/1911"}],"wp:attachment":[{"href":"https:\/\/www.diocesilucca.it\/archivio\/wp-json\/wp\/v2\/media?parent=1909"}],"wp:term":[{"taxonomy":"category","embeddable":true,"href":"https:\/\/www.diocesilucca.it\/archivio\/wp-json\/wp\/v2\/categories?post=1909"},{"taxonomy":"post_tag","embeddable":true,"href":"https:\/\/www.diocesilucca.it\/archivio\/wp-json\/wp\/v2\/tags?post=1909"}],"curies":[{"name":"wp","href":"https:\/\/api.w.org\/{rel}","templated":true}]}}