{"id":1860,"date":"2022-11-30T09:54:37","date_gmt":"2022-11-30T08:54:37","guid":{"rendered":"https:\/\/www.diocesilucca.it\/archivio\/?p=1860"},"modified":"2023-02-21T10:39:59","modified_gmt":"2023-02-21T09:39:59","slug":"chiusura-per-le-festivita-natalizie-3","status":"publish","type":"post","link":"https:\/\/www.diocesilucca.it\/archivio\/2022\/11\/30\/chiusura-per-le-festivita-natalizie-3\/","title":{"rendered":"Chiusura per le festivit\u00e0 natalizie"},"content":{"rendered":"\n<p>Si avvisano i gentili utenti che l\u2019Archivio rimarr\u00e0 chiuso per le festivit\u00e0 natalizie da gioved\u00ec 22 dicembre 2022 a venerd\u00ec 13 gennaio 2023 compresi. Riaprir\u00e0 con il consueto orario16 gennaio. Cogliamo l\u2019occasione per augurare un sereno Natale e un felice Anno Nuovo.<\/p>\n","protected":false},"excerpt":{"rendered":"<p>Si avvisano i gentili utenti che l\u2019Archivio rimarr\u00e0 chiuso per le festivit\u00e0 natalizie da gioved\u00ec 22 dicembre 2022 a venerd\u00ec 13 gennaio 2023 compresi. Riaprir\u00e0 con il consueto orario16 gennaio. Cogliamo l\u2019occasione per augurare un sereno Natale e un felice Anno Nuovo.<\/p>\n","protected":false},"author":273,"featured_media":0,"comment_status":"closed","ping_status":"open","sticky":false,"template":"","format":"standard","meta":{"footnotes":""},"categories":[9,15],"tags":[],"class_list":["post-1860","post","type-post","status-publish","format-standard","hentry","category-avvisi","category-senza-categoria-it"],"_links":{"self":[{"href":"https:\/\/www.diocesilucca.it\/archivio\/wp-json\/wp\/v2\/posts\/1860","targetHints":{"allow":["GET"]}}],"collection":[{"href":"https:\/\/www.diocesilucca.it\/archivio\/wp-json\/wp\/v2\/posts"}],"about":[{"href":"https:\/\/www.diocesilucca.it\/archivio\/wp-json\/wp\/v2\/types\/post"}],"author":[{"embeddable":true,"href":"https:\/\/www.diocesilucca.it\/archivio\/wp-json\/wp\/v2\/users\/273"}],"replies":[{"embeddable":true,"href":"https:\/\/www.diocesilucca.it\/archivio\/wp-json\/wp\/v2\/comments?post=1860"}],"version-history":[{"count":1,"href":"https:\/\/www.diocesilucca.it\/archivio\/wp-json\/wp\/v2\/posts\/1860\/revisions"}],"predecessor-version":[{"id":1861,"href":"https:\/\/www.diocesilucca.it\/archivio\/wp-json\/wp\/v2\/posts\/1860\/revisions\/1861"}],"wp:attachment":[{"href":"https:\/\/www.diocesilucca.it\/archivio\/wp-json\/wp\/v2\/media?parent=1860"}],"wp:term":[{"taxonomy":"category","embeddable":true,"href":"https:\/\/www.diocesilucca.it\/archivio\/wp-json\/wp\/v2\/categories?post=1860"},{"taxonomy":"post_tag","embeddable":true,"href":"https:\/\/www.diocesilucca.it\/archivio\/wp-json\/wp\/v2\/tags?post=1860"}],"curies":[{"name":"wp","href":"https:\/\/api.w.org\/{rel}","templated":true}]}}