{"id":1845,"date":"2022-09-19T12:57:36","date_gmt":"2022-09-19T10:57:36","guid":{"rendered":"https:\/\/www.diocesilucca.it\/archivio\/?p=1845"},"modified":"2023-02-21T10:40:07","modified_gmt":"2023-02-21T09:40:07","slug":"chiusura-straordinaria-6","status":"publish","type":"post","link":"https:\/\/www.diocesilucca.it\/archivio\/2022\/09\/19\/chiusura-straordinaria-6\/","title":{"rendered":"Chiusura straordinaria"},"content":{"rendered":"\n<p>Si comunica ai gentili utenti che l\u2019Archivio rimarr\u00e0 chiuso al pubblico nei giorni di luned\u00ec 31 ottobre e mercoled\u00ec 2 novembre 2022. L\u2019Archivio riaprir\u00e0 con il consueto orario da luned\u00ec 7 novembre.<\/p>\n","protected":false},"excerpt":{"rendered":"<p>Si comunica ai gentili utenti che l\u2019Archivio rimarr\u00e0 chiuso al pubblico nei giorni di luned\u00ec 31 ottobre e mercoled\u00ec 2 novembre 2022. L\u2019Archivio riaprir\u00e0 con il consueto orario da luned\u00ec 7 novembre.<\/p>\n","protected":false},"author":13,"featured_media":0,"comment_status":"closed","ping_status":"open","sticky":false,"template":"","format":"standard","meta":{"footnotes":""},"categories":[9],"tags":[],"class_list":["post-1845","post","type-post","status-publish","format-standard","hentry","category-avvisi"],"_links":{"self":[{"href":"https:\/\/www.diocesilucca.it\/archivio\/wp-json\/wp\/v2\/posts\/1845","targetHints":{"allow":["GET"]}}],"collection":[{"href":"https:\/\/www.diocesilucca.it\/archivio\/wp-json\/wp\/v2\/posts"}],"about":[{"href":"https:\/\/www.diocesilucca.it\/archivio\/wp-json\/wp\/v2\/types\/post"}],"author":[{"embeddable":true,"href":"https:\/\/www.diocesilucca.it\/archivio\/wp-json\/wp\/v2\/users\/13"}],"replies":[{"embeddable":true,"href":"https:\/\/www.diocesilucca.it\/archivio\/wp-json\/wp\/v2\/comments?post=1845"}],"version-history":[{"count":2,"href":"https:\/\/www.diocesilucca.it\/archivio\/wp-json\/wp\/v2\/posts\/1845\/revisions"}],"predecessor-version":[{"id":1854,"href":"https:\/\/www.diocesilucca.it\/archivio\/wp-json\/wp\/v2\/posts\/1845\/revisions\/1854"}],"wp:attachment":[{"href":"https:\/\/www.diocesilucca.it\/archivio\/wp-json\/wp\/v2\/media?parent=1845"}],"wp:term":[{"taxonomy":"category","embeddable":true,"href":"https:\/\/www.diocesilucca.it\/archivio\/wp-json\/wp\/v2\/categories?post=1845"},{"taxonomy":"post_tag","embeddable":true,"href":"https:\/\/www.diocesilucca.it\/archivio\/wp-json\/wp\/v2\/tags?post=1845"}],"curies":[{"name":"wp","href":"https:\/\/api.w.org\/{rel}","templated":true}]}}