{"id":1833,"date":"2022-08-31T09:43:42","date_gmt":"2022-08-31T07:43:42","guid":{"rendered":"https:\/\/www.diocesilucca.it\/archivio\/?p=1833"},"modified":"2022-11-30T09:56:00","modified_gmt":"2022-11-30T08:56:00","slug":"apertura-sala-di-consultazione","status":"publish","type":"post","link":"https:\/\/www.diocesilucca.it\/archivio\/2022\/08\/31\/apertura-sala-di-consultazione\/","title":{"rendered":"Apertura sala di consultazione"},"content":{"rendered":"\n<p>Si avvisano i Signori Utenti che la sala di consultazione dell&#8217;Archivio riaprir\u00e0 luned\u00ec <strong>19 settembre<\/strong> con i seguenti orari: <strong>luned\u00ec e marted\u00ec<\/strong> dalle <strong>9.30 alle 12.30<\/strong> e dalle <strong>14.00 alle 17.00<\/strong>. <br>\u00c8 necessario prenotare il posto con un preavviso di sette giorni tramite telefono o mail. Si invitano gli Utenti a prendere visione del regolamento aggiornato.<\/p>\n","protected":false},"excerpt":{"rendered":"<p>Si avvisano i Signori Utenti che la sala di consultazione dell&#8217;Archivio riaprir\u00e0 luned\u00ec 19 settembre con i seguenti orari: luned\u00ec e marted\u00ec dalle 9.30 alle 12.30 e dalle 14.00 alle 17.00. \u00c8 necessario prenotare il posto con un preavviso di sette giorni tramite telefono o mail. Si invitano gli Utenti a prendere visione del regolamento &#8230; <a title=\"Apertura sala di consultazione\" class=\"read-more\" href=\"https:\/\/www.diocesilucca.it\/archivio\/2022\/08\/31\/apertura-sala-di-consultazione\/\" aria-label=\"Per saperne di pi\u00f9 su Apertura sala di consultazione\">Leggi tutto<\/a><\/p>\n","protected":false},"author":273,"featured_media":0,"comment_status":"closed","ping_status":"open","sticky":false,"template":"","format":"standard","meta":{"footnotes":""},"categories":[9,15],"tags":[],"class_list":["post-1833","post","type-post","status-publish","format-standard","hentry","category-avvisi","category-senza-categoria-it"],"_links":{"self":[{"href":"https:\/\/www.diocesilucca.it\/archivio\/wp-json\/wp\/v2\/posts\/1833","targetHints":{"allow":["GET"]}}],"collection":[{"href":"https:\/\/www.diocesilucca.it\/archivio\/wp-json\/wp\/v2\/posts"}],"about":[{"href":"https:\/\/www.diocesilucca.it\/archivio\/wp-json\/wp\/v2\/types\/post"}],"author":[{"embeddable":true,"href":"https:\/\/www.diocesilucca.it\/archivio\/wp-json\/wp\/v2\/users\/273"}],"replies":[{"embeddable":true,"href":"https:\/\/www.diocesilucca.it\/archivio\/wp-json\/wp\/v2\/comments?post=1833"}],"version-history":[{"count":3,"href":"https:\/\/www.diocesilucca.it\/archivio\/wp-json\/wp\/v2\/posts\/1833\/revisions"}],"predecessor-version":[{"id":1842,"href":"https:\/\/www.diocesilucca.it\/archivio\/wp-json\/wp\/v2\/posts\/1833\/revisions\/1842"}],"wp:attachment":[{"href":"https:\/\/www.diocesilucca.it\/archivio\/wp-json\/wp\/v2\/media?parent=1833"}],"wp:term":[{"taxonomy":"category","embeddable":true,"href":"https:\/\/www.diocesilucca.it\/archivio\/wp-json\/wp\/v2\/categories?post=1833"},{"taxonomy":"post_tag","embeddable":true,"href":"https:\/\/www.diocesilucca.it\/archivio\/wp-json\/wp\/v2\/tags?post=1833"}],"curies":[{"name":"wp","href":"https:\/\/api.w.org\/{rel}","templated":true}]}}