{"id":1821,"date":"2022-06-13T15:47:44","date_gmt":"2022-06-13T13:47:44","guid":{"rendered":"https:\/\/www.diocesilucca.it\/archivio\/?p=1821"},"modified":"2022-08-31T09:45:04","modified_gmt":"2022-08-31T07:45:04","slug":"chiusura-sala-di-studio-2","status":"publish","type":"post","link":"https:\/\/www.diocesilucca.it\/archivio\/2022\/06\/13\/chiusura-sala-di-studio-2\/","title":{"rendered":"Chiusura Sala di studio"},"content":{"rendered":"\n<p>Si avvertono i Gentili Studiosi che l&#8217;Archivio rimarr\u00e0 chiuso dal 7 luglio al 18 settembre compresi. Riaprir\u00e0 luned\u00ec 19 settembre. <\/p>\n","protected":false},"excerpt":{"rendered":"<p>Si avvertono i Gentili Studiosi che l&#8217;Archivio rimarr\u00e0 chiuso dal 7 luglio al 18 settembre compresi. Riaprir\u00e0 luned\u00ec 19 settembre.<\/p>\n","protected":false},"author":273,"featured_media":0,"comment_status":"closed","ping_status":"open","sticky":false,"template":"","format":"standard","meta":{"footnotes":""},"categories":[9],"tags":[],"class_list":["post-1821","post","type-post","status-publish","format-standard","hentry","category-avvisi"],"_links":{"self":[{"href":"https:\/\/www.diocesilucca.it\/archivio\/wp-json\/wp\/v2\/posts\/1821","targetHints":{"allow":["GET"]}}],"collection":[{"href":"https:\/\/www.diocesilucca.it\/archivio\/wp-json\/wp\/v2\/posts"}],"about":[{"href":"https:\/\/www.diocesilucca.it\/archivio\/wp-json\/wp\/v2\/types\/post"}],"author":[{"embeddable":true,"href":"https:\/\/www.diocesilucca.it\/archivio\/wp-json\/wp\/v2\/users\/273"}],"replies":[{"embeddable":true,"href":"https:\/\/www.diocesilucca.it\/archivio\/wp-json\/wp\/v2\/comments?post=1821"}],"version-history":[{"count":1,"href":"https:\/\/www.diocesilucca.it\/archivio\/wp-json\/wp\/v2\/posts\/1821\/revisions"}],"predecessor-version":[{"id":1822,"href":"https:\/\/www.diocesilucca.it\/archivio\/wp-json\/wp\/v2\/posts\/1821\/revisions\/1822"}],"wp:attachment":[{"href":"https:\/\/www.diocesilucca.it\/archivio\/wp-json\/wp\/v2\/media?parent=1821"}],"wp:term":[{"taxonomy":"category","embeddable":true,"href":"https:\/\/www.diocesilucca.it\/archivio\/wp-json\/wp\/v2\/categories?post=1821"},{"taxonomy":"post_tag","embeddable":true,"href":"https:\/\/www.diocesilucca.it\/archivio\/wp-json\/wp\/v2\/tags?post=1821"}],"curies":[{"name":"wp","href":"https:\/\/api.w.org\/{rel}","templated":true}]}}