{"id":1748,"date":"2021-11-10T09:49:14","date_gmt":"2021-11-10T08:49:14","guid":{"rendered":"https:\/\/www.diocesilucca.it\/archivio\/?p=1748"},"modified":"2022-05-02T15:02:38","modified_gmt":"2022-05-02T13:02:38","slug":"modalita-di-accesso","status":"publish","type":"post","link":"https:\/\/www.diocesilucca.it\/archivio\/2021\/11\/10\/modalita-di-accesso\/","title":{"rendered":"Modalit\u00e0 di accesso per maggio e giugno 2022"},"content":{"rendered":"\n<p>Si avvertono i gentili utenti che a partire da marted\u00ec 10 maggio l&#8217;Archivio aprir\u00e0 su appuntamento nei giorni di marted\u00ec (9.30-12.30 e 14.00-17.00) e mercoled\u00ec (9.30-12.30). Si ricorda che per accedere \u00e8 obbligatorio l&#8217;utilizzo della mascherina FFP2.<br>Si prega di prendere visione del <a href=\"https:\/\/www.diocesilucca.it\/archivio\/wp-content\/uploads\/sites\/9\/2022\/05\/Regolamento-Archivio-maggio-giugno-2022.pdf\" data-type=\"URL\" data-id=\"https:\/\/www.diocesilucca.it\/archivio\/wp-content\/uploads\/sites\/9\/2022\/05\/Regolamento-Archivio-maggio-giugno-2022.pdf\" target=\"_blank\" rel=\"noreferrer noopener\">REGOLAMENTO PROVVISORIO<\/a>.<br>Per prendere appuntamento si prega di telefonare negli orari di apertura o inviare una mail ad archivio@diocesilucca.it.<\/p>\n","protected":false},"excerpt":{"rendered":"<p>Si avvertono i gentili utenti che a partire da marted\u00ec 10 maggio l&#8217;Archivio aprir\u00e0 su appuntamento nei giorni di marted\u00ec (9.30-12.30 e 14.00-17.00) e mercoled\u00ec (9.30-12.30). Si ricorda che per accedere \u00e8 obbligatorio l&#8217;utilizzo della mascherina FFP2.Si prega di prendere visione del REGOLAMENTO PROVVISORIO.Per prendere appuntamento si prega di telefonare negli orari di apertura o &#8230; <a title=\"Modalit\u00e0 di accesso per maggio e giugno 2022\" class=\"read-more\" href=\"https:\/\/www.diocesilucca.it\/archivio\/2021\/11\/10\/modalita-di-accesso\/\" aria-label=\"Per saperne di pi\u00f9 su Modalit\u00e0 di accesso per maggio e giugno 2022\">Leggi tutto<\/a><\/p>\n","protected":false},"author":273,"featured_media":0,"comment_status":"closed","ping_status":"open","sticky":false,"template":"","format":"standard","meta":{"footnotes":""},"categories":[9],"tags":[],"class_list":["post-1748","post","type-post","status-publish","format-standard","hentry","category-avvisi"],"_links":{"self":[{"href":"https:\/\/www.diocesilucca.it\/archivio\/wp-json\/wp\/v2\/posts\/1748","targetHints":{"allow":["GET"]}}],"collection":[{"href":"https:\/\/www.diocesilucca.it\/archivio\/wp-json\/wp\/v2\/posts"}],"about":[{"href":"https:\/\/www.diocesilucca.it\/archivio\/wp-json\/wp\/v2\/types\/post"}],"author":[{"embeddable":true,"href":"https:\/\/www.diocesilucca.it\/archivio\/wp-json\/wp\/v2\/users\/273"}],"replies":[{"embeddable":true,"href":"https:\/\/www.diocesilucca.it\/archivio\/wp-json\/wp\/v2\/comments?post=1748"}],"version-history":[{"count":5,"href":"https:\/\/www.diocesilucca.it\/archivio\/wp-json\/wp\/v2\/posts\/1748\/revisions"}],"predecessor-version":[{"id":1801,"href":"https:\/\/www.diocesilucca.it\/archivio\/wp-json\/wp\/v2\/posts\/1748\/revisions\/1801"}],"wp:attachment":[{"href":"https:\/\/www.diocesilucca.it\/archivio\/wp-json\/wp\/v2\/media?parent=1748"}],"wp:term":[{"taxonomy":"category","embeddable":true,"href":"https:\/\/www.diocesilucca.it\/archivio\/wp-json\/wp\/v2\/categories?post=1748"},{"taxonomy":"post_tag","embeddable":true,"href":"https:\/\/www.diocesilucca.it\/archivio\/wp-json\/wp\/v2\/tags?post=1748"}],"curies":[{"name":"wp","href":"https:\/\/api.w.org\/{rel}","templated":true}]}}