{"id":1736,"date":"2021-08-02T15:38:07","date_gmt":"2021-08-02T13:38:07","guid":{"rendered":"https:\/\/www.diocesilucca.it\/archivio\/?p=1736"},"modified":"2021-08-02T15:38:10","modified_gmt":"2021-08-02T13:38:10","slug":"chiusura-sala-di-studio","status":"publish","type":"post","link":"https:\/\/www.diocesilucca.it\/archivio\/2021\/08\/02\/chiusura-sala-di-studio\/","title":{"rendered":"Chiusura sala di studio"},"content":{"rendered":"\n<p>Si avvertono i gentili utenti che l&#8217;Archivio sar\u00e0 chiuso al pubblico dal 28 luglio al 20 settembre. Riaprir\u00e0 agli utenti dal 21 settembre, previo appuntamento, nel solo giorno di marted\u00ec. Le prenotazioni, tramite mail o telefono, si apriranno il 13 settembre. <\/p>\n","protected":false},"excerpt":{"rendered":"<p>Si avvertono i gentili utenti che l&#8217;Archivio sar\u00e0 chiuso al pubblico dal 28 luglio al 20 settembre. Riaprir\u00e0 agli utenti dal 21 settembre, previo appuntamento, nel solo giorno di marted\u00ec. Le prenotazioni, tramite mail o telefono, si apriranno il 13 settembre.<\/p>\n","protected":false},"author":1,"featured_media":0,"comment_status":"closed","ping_status":"open","sticky":false,"template":"","format":"standard","meta":{"footnotes":""},"categories":[15],"tags":[],"class_list":["post-1736","post","type-post","status-publish","format-standard","hentry","category-senza-categoria-it"],"_links":{"self":[{"href":"https:\/\/www.diocesilucca.it\/archivio\/wp-json\/wp\/v2\/posts\/1736","targetHints":{"allow":["GET"]}}],"collection":[{"href":"https:\/\/www.diocesilucca.it\/archivio\/wp-json\/wp\/v2\/posts"}],"about":[{"href":"https:\/\/www.diocesilucca.it\/archivio\/wp-json\/wp\/v2\/types\/post"}],"author":[{"embeddable":true,"href":"https:\/\/www.diocesilucca.it\/archivio\/wp-json\/wp\/v2\/users\/1"}],"replies":[{"embeddable":true,"href":"https:\/\/www.diocesilucca.it\/archivio\/wp-json\/wp\/v2\/comments?post=1736"}],"version-history":[{"count":1,"href":"https:\/\/www.diocesilucca.it\/archivio\/wp-json\/wp\/v2\/posts\/1736\/revisions"}],"predecessor-version":[{"id":1737,"href":"https:\/\/www.diocesilucca.it\/archivio\/wp-json\/wp\/v2\/posts\/1736\/revisions\/1737"}],"wp:attachment":[{"href":"https:\/\/www.diocesilucca.it\/archivio\/wp-json\/wp\/v2\/media?parent=1736"}],"wp:term":[{"taxonomy":"category","embeddable":true,"href":"https:\/\/www.diocesilucca.it\/archivio\/wp-json\/wp\/v2\/categories?post=1736"},{"taxonomy":"post_tag","embeddable":true,"href":"https:\/\/www.diocesilucca.it\/archivio\/wp-json\/wp\/v2\/tags?post=1736"}],"curies":[{"name":"wp","href":"https:\/\/api.w.org\/{rel}","templated":true}]}}