{"id":1588,"date":"2020-02-17T16:33:38","date_gmt":"2020-02-17T15:33:38","guid":{"rendered":"https:\/\/www.diocesilucca.it\/archivio\/?p=1588"},"modified":"2020-06-05T09:18:39","modified_gmt":"2020-06-05T07:18:39","slug":"chiusura-straordinaria-5","status":"publish","type":"post","link":"https:\/\/www.diocesilucca.it\/archivio\/2020\/02\/17\/chiusura-straordinaria-5\/","title":{"rendered":"Chiusura straordinaria"},"content":{"rendered":"\n<p>Si comunica ai gentili utenti che l\u2019Archivio rimarr\u00e0 chiuso al pubblico luned\u00ec 24 febbraio 2020. Riaprir\u00e0 con il consueto orario marted\u00ec 25 febbraio.<\/p>\n","protected":false},"excerpt":{"rendered":"<p>Si comunica ai gentili utenti che l\u2019Archivio rimarr\u00e0 chiuso al pubblico luned\u00ec 24 febbraio 2020. Riaprir\u00e0 con il consueto orario marted\u00ec 25 febbraio.<\/p>\n","protected":false},"author":1,"featured_media":0,"comment_status":"closed","ping_status":"open","sticky":false,"template":"","format":"standard","meta":{"footnotes":""},"categories":[9],"tags":[],"class_list":["post-1588","post","type-post","status-publish","format-standard","hentry","category-avvisi"],"_links":{"self":[{"href":"https:\/\/www.diocesilucca.it\/archivio\/wp-json\/wp\/v2\/posts\/1588","targetHints":{"allow":["GET"]}}],"collection":[{"href":"https:\/\/www.diocesilucca.it\/archivio\/wp-json\/wp\/v2\/posts"}],"about":[{"href":"https:\/\/www.diocesilucca.it\/archivio\/wp-json\/wp\/v2\/types\/post"}],"author":[{"embeddable":true,"href":"https:\/\/www.diocesilucca.it\/archivio\/wp-json\/wp\/v2\/users\/1"}],"replies":[{"embeddable":true,"href":"https:\/\/www.diocesilucca.it\/archivio\/wp-json\/wp\/v2\/comments?post=1588"}],"version-history":[{"count":1,"href":"https:\/\/www.diocesilucca.it\/archivio\/wp-json\/wp\/v2\/posts\/1588\/revisions"}],"predecessor-version":[{"id":1589,"href":"https:\/\/www.diocesilucca.it\/archivio\/wp-json\/wp\/v2\/posts\/1588\/revisions\/1589"}],"wp:attachment":[{"href":"https:\/\/www.diocesilucca.it\/archivio\/wp-json\/wp\/v2\/media?parent=1588"}],"wp:term":[{"taxonomy":"category","embeddable":true,"href":"https:\/\/www.diocesilucca.it\/archivio\/wp-json\/wp\/v2\/categories?post=1588"},{"taxonomy":"post_tag","embeddable":true,"href":"https:\/\/www.diocesilucca.it\/archivio\/wp-json\/wp\/v2\/tags?post=1588"}],"curies":[{"name":"wp","href":"https:\/\/api.w.org\/{rel}","templated":true}]}}