{"id":1573,"date":"2019-12-02T16:24:04","date_gmt":"2019-12-02T15:24:04","guid":{"rendered":"https:\/\/www.diocesilucca.it\/archivio\/?p=1573"},"modified":"2020-06-05T09:18:54","modified_gmt":"2020-06-05T07:18:54","slug":"chiusure-per-le-festivita-natalizie","status":"publish","type":"post","link":"https:\/\/www.diocesilucca.it\/archivio\/2019\/12\/02\/chiusure-per-le-festivita-natalizie\/","title":{"rendered":"Chiusure per le festivit\u00e0 natalizie"},"content":{"rendered":"\n<p>Si avvisano i gentili utenti che l&#8217;Archivio rimarr\u00e0 chiuso per le festivit\u00e0 natalizia da gioved\u00ec 19 dicembre 2019 a luned\u00ec 6 gennaio 2020 compresi. Riaprir\u00e0 con il consueto orario marted\u00ec 7 gennaio. <\/p>\n","protected":false},"excerpt":{"rendered":"<p>Si avvisano i gentili utenti che l&#8217;Archivio rimarr\u00e0 chiuso per le festivit\u00e0 natalizia da gioved\u00ec 19 dicembre 2019 a luned\u00ec 6 gennaio 2020 compresi. Riaprir\u00e0 con il consueto orario marted\u00ec 7 gennaio.<\/p>\n","protected":false},"author":1,"featured_media":0,"comment_status":"closed","ping_status":"open","sticky":false,"template":"","format":"standard","meta":{"footnotes":""},"categories":[9],"tags":[],"class_list":["post-1573","post","type-post","status-publish","format-standard","hentry","category-avvisi"],"_links":{"self":[{"href":"https:\/\/www.diocesilucca.it\/archivio\/wp-json\/wp\/v2\/posts\/1573","targetHints":{"allow":["GET"]}}],"collection":[{"href":"https:\/\/www.diocesilucca.it\/archivio\/wp-json\/wp\/v2\/posts"}],"about":[{"href":"https:\/\/www.diocesilucca.it\/archivio\/wp-json\/wp\/v2\/types\/post"}],"author":[{"embeddable":true,"href":"https:\/\/www.diocesilucca.it\/archivio\/wp-json\/wp\/v2\/users\/1"}],"replies":[{"embeddable":true,"href":"https:\/\/www.diocesilucca.it\/archivio\/wp-json\/wp\/v2\/comments?post=1573"}],"version-history":[{"count":1,"href":"https:\/\/www.diocesilucca.it\/archivio\/wp-json\/wp\/v2\/posts\/1573\/revisions"}],"predecessor-version":[{"id":1574,"href":"https:\/\/www.diocesilucca.it\/archivio\/wp-json\/wp\/v2\/posts\/1573\/revisions\/1574"}],"wp:attachment":[{"href":"https:\/\/www.diocesilucca.it\/archivio\/wp-json\/wp\/v2\/media?parent=1573"}],"wp:term":[{"taxonomy":"category","embeddable":true,"href":"https:\/\/www.diocesilucca.it\/archivio\/wp-json\/wp\/v2\/categories?post=1573"},{"taxonomy":"post_tag","embeddable":true,"href":"https:\/\/www.diocesilucca.it\/archivio\/wp-json\/wp\/v2\/tags?post=1573"}],"curies":[{"name":"wp","href":"https:\/\/api.w.org\/{rel}","templated":true}]}}