{"id":1568,"date":"2019-11-04T12:54:57","date_gmt":"2019-11-04T11:54:57","guid":{"rendered":"https:\/\/www.diocesilucca.it\/archivio\/?p=1568"},"modified":"2020-06-05T09:19:00","modified_gmt":"2020-06-05T07:19:00","slug":"chiusura-straordinaria-4","status":"publish","type":"post","link":"https:\/\/www.diocesilucca.it\/archivio\/2019\/11\/04\/chiusura-straordinaria-4\/","title":{"rendered":"Chiusura straordinaria"},"content":{"rendered":"\n<p>Si comunica ai gentili utenti che l\u2019Archivio rimarr\u00e0 chiuso al publico per un corso di aggiornamento del personale marted\u00ec 26 novembre 2019. Riaprir\u00e0 con il consueto orario mercoled\u00ec 27 novembre.<\/p>\n","protected":false},"excerpt":{"rendered":"<p>Si comunica ai gentili utenti che l\u2019Archivio rimarr\u00e0 chiuso al publico per un corso di aggiornamento del personale marted\u00ec 26 novembre 2019. Riaprir\u00e0 con il consueto orario mercoled\u00ec 27 novembre.<\/p>\n","protected":false},"author":1,"featured_media":0,"comment_status":"closed","ping_status":"open","sticky":false,"template":"","format":"standard","meta":{"footnotes":""},"categories":[9],"tags":[],"class_list":["post-1568","post","type-post","status-publish","format-standard","hentry","category-avvisi"],"_links":{"self":[{"href":"https:\/\/www.diocesilucca.it\/archivio\/wp-json\/wp\/v2\/posts\/1568","targetHints":{"allow":["GET"]}}],"collection":[{"href":"https:\/\/www.diocesilucca.it\/archivio\/wp-json\/wp\/v2\/posts"}],"about":[{"href":"https:\/\/www.diocesilucca.it\/archivio\/wp-json\/wp\/v2\/types\/post"}],"author":[{"embeddable":true,"href":"https:\/\/www.diocesilucca.it\/archivio\/wp-json\/wp\/v2\/users\/1"}],"replies":[{"embeddable":true,"href":"https:\/\/www.diocesilucca.it\/archivio\/wp-json\/wp\/v2\/comments?post=1568"}],"version-history":[{"count":1,"href":"https:\/\/www.diocesilucca.it\/archivio\/wp-json\/wp\/v2\/posts\/1568\/revisions"}],"predecessor-version":[{"id":1569,"href":"https:\/\/www.diocesilucca.it\/archivio\/wp-json\/wp\/v2\/posts\/1568\/revisions\/1569"}],"wp:attachment":[{"href":"https:\/\/www.diocesilucca.it\/archivio\/wp-json\/wp\/v2\/media?parent=1568"}],"wp:term":[{"taxonomy":"category","embeddable":true,"href":"https:\/\/www.diocesilucca.it\/archivio\/wp-json\/wp\/v2\/categories?post=1568"},{"taxonomy":"post_tag","embeddable":true,"href":"https:\/\/www.diocesilucca.it\/archivio\/wp-json\/wp\/v2\/tags?post=1568"}],"curies":[{"name":"wp","href":"https:\/\/api.w.org\/{rel}","templated":true}]}}