{"id":1562,"date":"2019-10-21T13:09:36","date_gmt":"2019-10-21T11:09:36","guid":{"rendered":"https:\/\/www.diocesilucca.it\/archivio\/?p=1562"},"modified":"2019-10-21T13:10:56","modified_gmt":"2019-10-21T11:10:56","slug":"chiusura-straordinaria-3","status":"publish","type":"post","link":"https:\/\/www.diocesilucca.it\/archivio\/2019\/10\/21\/chiusura-straordinaria-3\/","title":{"rendered":"Chiusura straordinaria"},"content":{"rendered":"\n<p>Si comunica ai gentili utenti che l\u2019Archivio rimarr\u00e0 chiuso al publico mercoled\u00ec 30 ottobre 2019. Riaprir\u00e0 con il consueto orario luned\u00ec 4 novembre.<\/p>\n","protected":false},"excerpt":{"rendered":"<p>Si comunica ai gentili utenti che l\u2019Archivio rimarr\u00e0 chiuso al publico mercoled\u00ec 30 ottobre 2019. Riaprir\u00e0 con il consueto orario luned\u00ec 4 novembre.<\/p>\n","protected":false},"author":1,"featured_media":0,"comment_status":"closed","ping_status":"closed","sticky":false,"template":"","format":"standard","meta":{"footnotes":""},"categories":[9],"tags":[],"class_list":["post-1562","post","type-post","status-publish","format-standard","hentry","category-avvisi"],"_links":{"self":[{"href":"https:\/\/www.diocesilucca.it\/archivio\/wp-json\/wp\/v2\/posts\/1562","targetHints":{"allow":["GET"]}}],"collection":[{"href":"https:\/\/www.diocesilucca.it\/archivio\/wp-json\/wp\/v2\/posts"}],"about":[{"href":"https:\/\/www.diocesilucca.it\/archivio\/wp-json\/wp\/v2\/types\/post"}],"author":[{"embeddable":true,"href":"https:\/\/www.diocesilucca.it\/archivio\/wp-json\/wp\/v2\/users\/1"}],"replies":[{"embeddable":true,"href":"https:\/\/www.diocesilucca.it\/archivio\/wp-json\/wp\/v2\/comments?post=1562"}],"version-history":[{"count":1,"href":"https:\/\/www.diocesilucca.it\/archivio\/wp-json\/wp\/v2\/posts\/1562\/revisions"}],"predecessor-version":[{"id":1563,"href":"https:\/\/www.diocesilucca.it\/archivio\/wp-json\/wp\/v2\/posts\/1562\/revisions\/1563"}],"wp:attachment":[{"href":"https:\/\/www.diocesilucca.it\/archivio\/wp-json\/wp\/v2\/media?parent=1562"}],"wp:term":[{"taxonomy":"category","embeddable":true,"href":"https:\/\/www.diocesilucca.it\/archivio\/wp-json\/wp\/v2\/categories?post=1562"},{"taxonomy":"post_tag","embeddable":true,"href":"https:\/\/www.diocesilucca.it\/archivio\/wp-json\/wp\/v2\/tags?post=1562"}],"curies":[{"name":"wp","href":"https:\/\/api.w.org\/{rel}","templated":true}]}}