{"id":1547,"date":"2019-09-18T11:59:37","date_gmt":"2019-09-18T09:59:37","guid":{"rendered":"https:\/\/www.diocesilucca.it\/archivio\/?p=1547"},"modified":"2020-06-05T09:19:15","modified_gmt":"2020-06-05T07:19:15","slug":"modifica-provvisoria-allorario-di-apertura","status":"publish","type":"post","link":"https:\/\/www.diocesilucca.it\/archivio\/2019\/09\/18\/modifica-provvisoria-allorario-di-apertura\/","title":{"rendered":"Modifica provvisoria all\u2019orario di apertura"},"content":{"rendered":"\n<p>L\u2019Archivio sar\u00e0 chiuso il pomeriggio di luned\u00ec 23 settembre e aperto, su appuntamento, marted\u00ec 24 settembre dalle 14.30 alle 17.00.<\/p>\n","protected":false},"excerpt":{"rendered":"<p>L\u2019Archivio sar\u00e0 chiuso il pomeriggio di luned\u00ec 23 settembre e aperto, su appuntamento, marted\u00ec 24 settembre dalle 14.30 alle 17.00.<\/p>\n","protected":false},"author":1,"featured_media":0,"comment_status":"closed","ping_status":"open","sticky":false,"template":"","format":"standard","meta":{"footnotes":""},"categories":[9],"tags":[],"class_list":["post-1547","post","type-post","status-publish","format-standard","hentry","category-avvisi"],"_links":{"self":[{"href":"https:\/\/www.diocesilucca.it\/archivio\/wp-json\/wp\/v2\/posts\/1547","targetHints":{"allow":["GET"]}}],"collection":[{"href":"https:\/\/www.diocesilucca.it\/archivio\/wp-json\/wp\/v2\/posts"}],"about":[{"href":"https:\/\/www.diocesilucca.it\/archivio\/wp-json\/wp\/v2\/types\/post"}],"author":[{"embeddable":true,"href":"https:\/\/www.diocesilucca.it\/archivio\/wp-json\/wp\/v2\/users\/1"}],"replies":[{"embeddable":true,"href":"https:\/\/www.diocesilucca.it\/archivio\/wp-json\/wp\/v2\/comments?post=1547"}],"version-history":[{"count":1,"href":"https:\/\/www.diocesilucca.it\/archivio\/wp-json\/wp\/v2\/posts\/1547\/revisions"}],"predecessor-version":[{"id":1548,"href":"https:\/\/www.diocesilucca.it\/archivio\/wp-json\/wp\/v2\/posts\/1547\/revisions\/1548"}],"wp:attachment":[{"href":"https:\/\/www.diocesilucca.it\/archivio\/wp-json\/wp\/v2\/media?parent=1547"}],"wp:term":[{"taxonomy":"category","embeddable":true,"href":"https:\/\/www.diocesilucca.it\/archivio\/wp-json\/wp\/v2\/categories?post=1547"},{"taxonomy":"post_tag","embeddable":true,"href":"https:\/\/www.diocesilucca.it\/archivio\/wp-json\/wp\/v2\/tags?post=1547"}],"curies":[{"name":"wp","href":"https:\/\/api.w.org\/{rel}","templated":true}]}}