{"id":1533,"date":"2019-06-25T11:43:17","date_gmt":"2019-06-25T09:43:17","guid":{"rendered":"https:\/\/www.diocesilucca.it\/archivio\/?p=1533"},"modified":"2020-06-05T09:19:19","modified_gmt":"2020-06-05T07:19:19","slug":"chiusura-estiva-2","status":"publish","type":"post","link":"https:\/\/www.diocesilucca.it\/archivio\/2019\/06\/25\/chiusura-estiva-2\/","title":{"rendered":"Chiusura estiva"},"content":{"rendered":"\n<p>Si avvisano i gentili utenti che l\u2019Archivio sar\u00e0 chiuso dal 27 giugno al 15 settembre compresi. Riaprir\u00e0 con il consueto orario luned\u00ec 16 settembre.<\/p>\n","protected":false},"excerpt":{"rendered":"<p>Si avvisano i gentili utenti che l\u2019Archivio sar\u00e0 chiuso dal 27 giugno al 15 settembre compresi. Riaprir\u00e0 con il consueto orario luned\u00ec 16 settembre.<\/p>\n","protected":false},"author":1,"featured_media":0,"comment_status":"closed","ping_status":"open","sticky":false,"template":"","format":"standard","meta":{"footnotes":""},"categories":[9],"tags":[],"class_list":["post-1533","post","type-post","status-publish","format-standard","hentry","category-avvisi"],"_links":{"self":[{"href":"https:\/\/www.diocesilucca.it\/archivio\/wp-json\/wp\/v2\/posts\/1533","targetHints":{"allow":["GET"]}}],"collection":[{"href":"https:\/\/www.diocesilucca.it\/archivio\/wp-json\/wp\/v2\/posts"}],"about":[{"href":"https:\/\/www.diocesilucca.it\/archivio\/wp-json\/wp\/v2\/types\/post"}],"author":[{"embeddable":true,"href":"https:\/\/www.diocesilucca.it\/archivio\/wp-json\/wp\/v2\/users\/1"}],"replies":[{"embeddable":true,"href":"https:\/\/www.diocesilucca.it\/archivio\/wp-json\/wp\/v2\/comments?post=1533"}],"version-history":[{"count":3,"href":"https:\/\/www.diocesilucca.it\/archivio\/wp-json\/wp\/v2\/posts\/1533\/revisions"}],"predecessor-version":[{"id":1542,"href":"https:\/\/www.diocesilucca.it\/archivio\/wp-json\/wp\/v2\/posts\/1533\/revisions\/1542"}],"wp:attachment":[{"href":"https:\/\/www.diocesilucca.it\/archivio\/wp-json\/wp\/v2\/media?parent=1533"}],"wp:term":[{"taxonomy":"category","embeddable":true,"href":"https:\/\/www.diocesilucca.it\/archivio\/wp-json\/wp\/v2\/categories?post=1533"},{"taxonomy":"post_tag","embeddable":true,"href":"https:\/\/www.diocesilucca.it\/archivio\/wp-json\/wp\/v2\/tags?post=1533"}],"curies":[{"name":"wp","href":"https:\/\/api.w.org\/{rel}","templated":true}]}}