{"id":1515,"date":"2019-05-31T09:41:32","date_gmt":"2019-05-31T07:41:32","guid":{"rendered":"https:\/\/www.diocesilucca.it\/archivio\/?p=1515"},"modified":"2020-07-03T11:21:26","modified_gmt":"2020-07-03T09:21:26","slug":"tredici-secoli-in-mostra","status":"publish","type":"post","link":"https:\/\/www.diocesilucca.it\/archivio\/2019\/05\/31\/tredici-secoli-in-mostra\/","title":{"rendered":"Tredici secoli in mostra"},"content":{"rendered":"\n<p>Il rapporto che lega l\u2019Archivio Storico Diocesano alla storia della citt\u00e0 e della chiesa di Lucca, sar\u00e0 al centro di una mostra che aprir\u00e0 il <a href=\"https:\/\/www.diocesilucca.it\/archivio\/wp-content\/uploads\/sites\/9\/2019\/05\/locandina_inaugurazione.jpg\">3 giugno prossimo<\/a>, nella sede del Palazzo Arcivescovile. Questa occasione, davvero unica, segna l\u2019adesione all\u2019iniziativa <strong>Aperti al Mab. Musei Archivi Biblioteche ecclesiastici<\/strong> promossa dalla Conferenza Episcopale Italiana che su tutto il territorio italiano coinvolge circa 1500 enti tra archivi, biblioteche e musei. La mostra, curata dal personale dell\u2019archivio, s\u2019intitola: <strong>Tredici secoli in mostra: l\u2019Archivio Storico Diocesano di Lucca dal VII al XX secolo<\/strong>. Saranno esposti i pezzi pi\u00f9 significativi conservati, alcuni dei quali per la prima volta protagonisti di una esposizione al pubblico. Tutto questo permetter\u00e0 ai visitatori di scoprire e ammirare le particolarit\u00e0 pi\u00f9 sorprendenti custodite nei depositi dell\u2019istituto.  <\/p>\n\n\n\n<p>A Lucca, <a href=\"https:\/\/www.diocesilucca.it\/archivio\/wp-content\/uploads\/sites\/9\/2019\/05\/locandina_inaugurazione.jpg\">la mostra sar\u00e0 inaugurata luned\u00ec 3 giugno<\/a> alle ore 10.00 nei locali dell\u2019Archivio Storico Diocesano di Lucca, al secondo piano del Palazzo Arcivescovile, e rimarr\u00e0 aperta fino a mercoled\u00ec 26 giugno 2019. Sar\u00e0 possibile visitarla nei giorni di luned\u00ec, marted\u00ec e mercoled\u00ec dalle ore 9:30 alle ore 12:30; per tutto il mese saranno organizzate visite guidate nel pomeriggio degli stessi giorni dalle ore 15:00 alle ore 16:30. L\u2019accesso alla mostra sar\u00e0 libero; mentre per le visite guidate occorre prenotare inviando una mail all\u2019indirizzo <a href=\"mailto:archivio@diocesilucca.it\">archivio@diocesilucca.it<\/a> o telefonando al numero 0583 430954.<\/p>\n\n\n\n<p>Dal 3 al 5 giugno compresi la consultazione in Sala di Studio \u00e8 sospesa.<\/p>\n","protected":false},"excerpt":{"rendered":"<p>Il rapporto che lega l\u2019Archivio Storico Diocesano alla storia della citt\u00e0 e della chiesa di Lucca, sar\u00e0 al centro di una mostra che aprir\u00e0 il 3 giugno prossimo, nella sede del Palazzo Arcivescovile. Questa occasione, davvero unica, segna l\u2019adesione all\u2019iniziativa Aperti al Mab. Musei Archivi Biblioteche ecclesiastici promossa dalla Conferenza Episcopale Italiana che su tutto &#8230; <a title=\"Tredici secoli in mostra\" class=\"read-more\" href=\"https:\/\/www.diocesilucca.it\/archivio\/2019\/05\/31\/tredici-secoli-in-mostra\/\" aria-label=\"Per saperne di pi\u00f9 su Tredici secoli in mostra\">Leggi tutto<\/a><\/p>\n","protected":false},"author":1,"featured_media":0,"comment_status":"closed","ping_status":"open","sticky":false,"template":"","format":"standard","meta":{"footnotes":""},"categories":[9],"tags":[],"class_list":["post-1515","post","type-post","status-publish","format-standard","hentry","category-avvisi"],"_links":{"self":[{"href":"https:\/\/www.diocesilucca.it\/archivio\/wp-json\/wp\/v2\/posts\/1515","targetHints":{"allow":["GET"]}}],"collection":[{"href":"https:\/\/www.diocesilucca.it\/archivio\/wp-json\/wp\/v2\/posts"}],"about":[{"href":"https:\/\/www.diocesilucca.it\/archivio\/wp-json\/wp\/v2\/types\/post"}],"author":[{"embeddable":true,"href":"https:\/\/www.diocesilucca.it\/archivio\/wp-json\/wp\/v2\/users\/1"}],"replies":[{"embeddable":true,"href":"https:\/\/www.diocesilucca.it\/archivio\/wp-json\/wp\/v2\/comments?post=1515"}],"version-history":[{"count":6,"href":"https:\/\/www.diocesilucca.it\/archivio\/wp-json\/wp\/v2\/posts\/1515\/revisions"}],"predecessor-version":[{"id":1522,"href":"https:\/\/www.diocesilucca.it\/archivio\/wp-json\/wp\/v2\/posts\/1515\/revisions\/1522"}],"wp:attachment":[{"href":"https:\/\/www.diocesilucca.it\/archivio\/wp-json\/wp\/v2\/media?parent=1515"}],"wp:term":[{"taxonomy":"category","embeddable":true,"href":"https:\/\/www.diocesilucca.it\/archivio\/wp-json\/wp\/v2\/categories?post=1515"},{"taxonomy":"post_tag","embeddable":true,"href":"https:\/\/www.diocesilucca.it\/archivio\/wp-json\/wp\/v2\/tags?post=1515"}],"curies":[{"name":"wp","href":"https:\/\/api.w.org\/{rel}","templated":true}]}}