{"id":1506,"date":"2019-03-25T15:37:36","date_gmt":"2019-03-25T14:37:36","guid":{"rendered":"https:\/\/www.diocesilucca.it\/archivio\/?p=1506"},"modified":"2020-06-05T09:19:46","modified_gmt":"2020-06-05T07:19:46","slug":"chiusura-straordinaria-2","status":"publish","type":"post","link":"https:\/\/www.diocesilucca.it\/archivio\/2019\/03\/25\/chiusura-straordinaria-2\/","title":{"rendered":"Chiusura straordinaria"},"content":{"rendered":"<p>Si avvisano i gentili utenti che l&#8217;Archivio rimarr\u00e0 chiuso al pubblico da luned\u00ec 1\u00b0 a mercoled\u00ec 3 aprile. Riaprir\u00e0 con i consueti orari luned\u00ec 8 aprile.<\/p>\n","protected":false},"excerpt":{"rendered":"<p>Si avvisano i gentili utenti che l&#8217;Archivio rimarr\u00e0 chiuso al pubblico da luned\u00ec 1\u00b0 a mercoled\u00ec 3 aprile. Riaprir\u00e0 con i consueti orari luned\u00ec 8 aprile.<\/p>\n","protected":false},"author":1,"featured_media":0,"comment_status":"closed","ping_status":"open","sticky":false,"template":"","format":"standard","meta":{"footnotes":""},"categories":[9],"tags":[],"class_list":["post-1506","post","type-post","status-publish","format-standard","hentry","category-avvisi"],"_links":{"self":[{"href":"https:\/\/www.diocesilucca.it\/archivio\/wp-json\/wp\/v2\/posts\/1506","targetHints":{"allow":["GET"]}}],"collection":[{"href":"https:\/\/www.diocesilucca.it\/archivio\/wp-json\/wp\/v2\/posts"}],"about":[{"href":"https:\/\/www.diocesilucca.it\/archivio\/wp-json\/wp\/v2\/types\/post"}],"author":[{"embeddable":true,"href":"https:\/\/www.diocesilucca.it\/archivio\/wp-json\/wp\/v2\/users\/1"}],"replies":[{"embeddable":true,"href":"https:\/\/www.diocesilucca.it\/archivio\/wp-json\/wp\/v2\/comments?post=1506"}],"version-history":[{"count":2,"href":"https:\/\/www.diocesilucca.it\/archivio\/wp-json\/wp\/v2\/posts\/1506\/revisions"}],"predecessor-version":[{"id":1508,"href":"https:\/\/www.diocesilucca.it\/archivio\/wp-json\/wp\/v2\/posts\/1506\/revisions\/1508"}],"wp:attachment":[{"href":"https:\/\/www.diocesilucca.it\/archivio\/wp-json\/wp\/v2\/media?parent=1506"}],"wp:term":[{"taxonomy":"category","embeddable":true,"href":"https:\/\/www.diocesilucca.it\/archivio\/wp-json\/wp\/v2\/categories?post=1506"},{"taxonomy":"post_tag","embeddable":true,"href":"https:\/\/www.diocesilucca.it\/archivio\/wp-json\/wp\/v2\/tags?post=1506"}],"curies":[{"name":"wp","href":"https:\/\/api.w.org\/{rel}","templated":true}]}}