{"id":1463,"date":"2018-05-16T10:26:23","date_gmt":"2018-05-16T08:26:23","guid":{"rendered":"https:\/\/www.diocesilucca.it\/archivio\/?p=1463"},"modified":"2019-06-25T11:49:37","modified_gmt":"2019-06-25T09:49:37","slug":"chiusura-estiva","status":"publish","type":"post","link":"https:\/\/www.diocesilucca.it\/archivio\/2018\/05\/16\/chiusura-estiva\/","title":{"rendered":"Chiusura estiva"},"content":{"rendered":"<p>Si avvisano i gentili utenti che l&#8217;Archivio rimarr\u00e0 chiuso dal 2 luglio al 14 settembre compresi. Riaprir\u00e0 con il consueto orario luned\u00ec 17 settembre.<\/p>\n","protected":false},"excerpt":{"rendered":"<p>Si avvisano i gentili utenti che l&#8217;Archivio rimarr\u00e0 chiuso dal 2 luglio al 14 settembre compresi. Riaprir\u00e0 con il consueto orario luned\u00ec 17 settembre.<\/p>\n","protected":false},"author":1,"featured_media":0,"comment_status":"open","ping_status":"open","sticky":false,"template":"","format":"standard","meta":{"footnotes":""},"categories":[9],"tags":[],"class_list":["post-1463","post","type-post","status-publish","format-standard","hentry","category-avvisi"],"_links":{"self":[{"href":"https:\/\/www.diocesilucca.it\/archivio\/wp-json\/wp\/v2\/posts\/1463","targetHints":{"allow":["GET"]}}],"collection":[{"href":"https:\/\/www.diocesilucca.it\/archivio\/wp-json\/wp\/v2\/posts"}],"about":[{"href":"https:\/\/www.diocesilucca.it\/archivio\/wp-json\/wp\/v2\/types\/post"}],"author":[{"embeddable":true,"href":"https:\/\/www.diocesilucca.it\/archivio\/wp-json\/wp\/v2\/users\/1"}],"replies":[{"embeddable":true,"href":"https:\/\/www.diocesilucca.it\/archivio\/wp-json\/wp\/v2\/comments?post=1463"}],"version-history":[{"count":1,"href":"https:\/\/www.diocesilucca.it\/archivio\/wp-json\/wp\/v2\/posts\/1463\/revisions"}],"predecessor-version":[{"id":1464,"href":"https:\/\/www.diocesilucca.it\/archivio\/wp-json\/wp\/v2\/posts\/1463\/revisions\/1464"}],"wp:attachment":[{"href":"https:\/\/www.diocesilucca.it\/archivio\/wp-json\/wp\/v2\/media?parent=1463"}],"wp:term":[{"taxonomy":"category","embeddable":true,"href":"https:\/\/www.diocesilucca.it\/archivio\/wp-json\/wp\/v2\/categories?post=1463"},{"taxonomy":"post_tag","embeddable":true,"href":"https:\/\/www.diocesilucca.it\/archivio\/wp-json\/wp\/v2\/tags?post=1463"}],"curies":[{"name":"wp","href":"https:\/\/api.w.org\/{rel}","templated":true}]}}