{"id":1449,"date":"2018-04-17T09:05:11","date_gmt":"2018-04-17T07:05:11","guid":{"rendered":"https:\/\/www.diocesilucca.it\/archivio\/?p=1449"},"modified":"2019-06-25T11:49:45","modified_gmt":"2019-06-25T09:49:45","slug":"chiusure-straordinarie-2","status":"publish","type":"post","link":"https:\/\/www.diocesilucca.it\/archivio\/2018\/04\/17\/chiusure-straordinarie-2\/","title":{"rendered":"Chiusure straordinarie"},"content":{"rendered":"<p>Si informano gli utenti che l&#8217;Archivio sar\u00e0 chiuso mercoled\u00ec 25 aprile (Festa della Liberazione), luned\u00ec 30 aprile e marted\u00ec 1 maggio (Festa del Lavoro). L&#8217;Archivio sar\u00e0 aperto regolarmente da mercoled\u00ec 2 maggio.<\/p>\n","protected":false},"excerpt":{"rendered":"<p>Si informano gli utenti che l&#8217;Archivio sar\u00e0 chiuso mercoled\u00ec 25 aprile (Festa della Liberazione), luned\u00ec 30 aprile e marted\u00ec 1 maggio (Festa del Lavoro). L&#8217;Archivio sar\u00e0 aperto regolarmente da mercoled\u00ec 2 maggio.<\/p>\n","protected":false},"author":1,"featured_media":0,"comment_status":"open","ping_status":"open","sticky":false,"template":"","format":"standard","meta":{"footnotes":""},"categories":[9],"tags":[],"class_list":["post-1449","post","type-post","status-publish","format-standard","hentry","category-avvisi"],"_links":{"self":[{"href":"https:\/\/www.diocesilucca.it\/archivio\/wp-json\/wp\/v2\/posts\/1449","targetHints":{"allow":["GET"]}}],"collection":[{"href":"https:\/\/www.diocesilucca.it\/archivio\/wp-json\/wp\/v2\/posts"}],"about":[{"href":"https:\/\/www.diocesilucca.it\/archivio\/wp-json\/wp\/v2\/types\/post"}],"author":[{"embeddable":true,"href":"https:\/\/www.diocesilucca.it\/archivio\/wp-json\/wp\/v2\/users\/1"}],"replies":[{"embeddable":true,"href":"https:\/\/www.diocesilucca.it\/archivio\/wp-json\/wp\/v2\/comments?post=1449"}],"version-history":[{"count":1,"href":"https:\/\/www.diocesilucca.it\/archivio\/wp-json\/wp\/v2\/posts\/1449\/revisions"}],"predecessor-version":[{"id":1450,"href":"https:\/\/www.diocesilucca.it\/archivio\/wp-json\/wp\/v2\/posts\/1449\/revisions\/1450"}],"wp:attachment":[{"href":"https:\/\/www.diocesilucca.it\/archivio\/wp-json\/wp\/v2\/media?parent=1449"}],"wp:term":[{"taxonomy":"category","embeddable":true,"href":"https:\/\/www.diocesilucca.it\/archivio\/wp-json\/wp\/v2\/categories?post=1449"},{"taxonomy":"post_tag","embeddable":true,"href":"https:\/\/www.diocesilucca.it\/archivio\/wp-json\/wp\/v2\/tags?post=1449"}],"curies":[{"name":"wp","href":"https:\/\/api.w.org\/{rel}","templated":true}]}}