{"id":1252,"date":"2017-11-06T16:36:50","date_gmt":"2017-11-06T15:36:50","guid":{"rendered":"https:\/\/www.diocesilucca.it\/archivio\/?p=1252"},"modified":"2017-11-06T16:36:50","modified_gmt":"2017-11-06T15:36:50","slug":"chiusure-straordinarie","status":"publish","type":"post","link":"https:\/\/www.diocesilucca.it\/archivio\/2017\/11\/06\/chiusure-straordinarie\/","title":{"rendered":"Chiusure straordinarie"},"content":{"rendered":"<p>Si avvisano i gentili utenti che l&#8217;Archivio sar\u00e0 chiuso nei giorni di luned\u00ec 13 e luned\u00ec 27 novembre 2017.<\/p>\n","protected":false},"excerpt":{"rendered":"<p>Si avvisano i gentili utenti che l&#8217;Archivio sar\u00e0 chiuso nei giorni di luned\u00ec 13 e luned\u00ec 27 novembre 2017.<\/p>\n","protected":false},"author":1,"featured_media":0,"comment_status":"open","ping_status":"open","sticky":false,"template":"","format":"standard","meta":{"footnotes":""},"categories":[9],"tags":[],"class_list":["post-1252","post","type-post","status-publish","format-standard","hentry","category-avvisi"],"_links":{"self":[{"href":"https:\/\/www.diocesilucca.it\/archivio\/wp-json\/wp\/v2\/posts\/1252","targetHints":{"allow":["GET"]}}],"collection":[{"href":"https:\/\/www.diocesilucca.it\/archivio\/wp-json\/wp\/v2\/posts"}],"about":[{"href":"https:\/\/www.diocesilucca.it\/archivio\/wp-json\/wp\/v2\/types\/post"}],"author":[{"embeddable":true,"href":"https:\/\/www.diocesilucca.it\/archivio\/wp-json\/wp\/v2\/users\/1"}],"replies":[{"embeddable":true,"href":"https:\/\/www.diocesilucca.it\/archivio\/wp-json\/wp\/v2\/comments?post=1252"}],"version-history":[{"count":1,"href":"https:\/\/www.diocesilucca.it\/archivio\/wp-json\/wp\/v2\/posts\/1252\/revisions"}],"predecessor-version":[{"id":1253,"href":"https:\/\/www.diocesilucca.it\/archivio\/wp-json\/wp\/v2\/posts\/1252\/revisions\/1253"}],"wp:attachment":[{"href":"https:\/\/www.diocesilucca.it\/archivio\/wp-json\/wp\/v2\/media?parent=1252"}],"wp:term":[{"taxonomy":"category","embeddable":true,"href":"https:\/\/www.diocesilucca.it\/archivio\/wp-json\/wp\/v2\/categories?post=1252"},{"taxonomy":"post_tag","embeddable":true,"href":"https:\/\/www.diocesilucca.it\/archivio\/wp-json\/wp\/v2\/tags?post=1252"}],"curies":[{"name":"wp","href":"https:\/\/api.w.org\/{rel}","templated":true}]}}